{"id":954,"date":"2023-12-16T23:18:25","date_gmt":"2023-12-16T20:18:25","guid":{"rendered":"https:\/\/www.fahr18dsaw.online\/?p=954"},"modified":"2023-12-18T23:55:31","modified_gmt":"2023-12-18T20:55:31","slug":"haeufig-gestellte-fragen-zur-nasenaesthetik","status":"publish","type":"post","link":"https:\/\/www.fahrettinyilmaz.com\/de\/nase\/haeufig-gestellte-fragen-zur-nasenaesthetik\/","title":{"rendered":"H\u00c4UFIG GESTELLTE FRAGEN ZUR NASEN\u00c4STHETIK"},"content":{"rendered":"\n\n\n<p>Wie lange dauert eine Nasenkorrektur?<\/p>\n\n\n\n<p>Die Operation dauert durchschnittlich 3 Stunden. Dieser Zeitraum ist bei schweren Revisionsoperationen l\u00e4nger.<\/p>\n\n\n\n<p>Wie ist der Genesungsprozess nach einer Nasenkorrektur?<\/p>\n\n\n\n<p>Bluterg\u00fcsse und Schwellungen treten in der Regel nicht unmittelbar nach der Operation auf. Prellungen und Schwellungen bilden sich langsam einige Stunden nach der Operation und erreichen am zweiten Tag ihren H\u00f6hepunkt. Die Heilung beginnt ab dem dritten Tag und die blauen Flecken verschwinden innerhalb einer Woche fast vollst\u00e4ndig.<\/p>\n\n\n\n<p>Silikonpads in der Nase werden nach 48 72 Stunden entfernt. Die Schiene an der Nase wird nach einer Woche entfernt und stattdessen ein d\u00fcnnes Papierpflaster angebracht. Dieses Pflaster kann vom Patienten nach einigen Tagen entfernt werden. Nachdem das Papierpflaster entfernt wurde, k\u00f6nnen die Patienten zu ihrem normalen Leben zur\u00fcckkehren.<\/p>\n\n\n\n<p>Werden Tampons bei der Nasenkorrektur verwendet?<\/p>\n\n\n\n<p>Wenn die Person keine verstopfte Nase beklagt und die Nase nicht eingegriffen wurde, wenn nur eine \u00e4sthetische Operation durchgef\u00fchrt wurde, darf der postoperative Tampon nicht verwendet werden.<\/p>\n\n\n\n<p>Wird auch in die Nase eingegriffen, werden d\u00fcnne blattf\u00f6rmige Silikonpads verwendet, diese Pads sind schmerzfrei.<\/p>\n\n\n\n<p>Wie lange nimmt die Nase nach einer \u00e4sthetischen Nasenoperation ihre normale Form an?<\/p>\n\n\n\n<p>Es dauert zwischen 6 Monaten und 1 Jahr, je nach Nasen- und Hautstruktur der Person, bis die Schwellung nach der Nasenkorrektur abklingt und die Nase ihre urspr\u00fcngliche Form annimmt. Bei sehr dicken H\u00e4uten kann dieser Zeitraum 1,5-2 Jahre betragen.<\/p>\n\n\n\n<p>Wie sollte eine ideale Nasenkorrektur sein?<\/p>\n\n\n\n<p>Es sollte eine Nase vorhanden sein, die mit der Gesichtsstruktur der Person kompatibel ist, nat\u00fcrlich aussieht, nicht wahrgenommen wird und keine Atemprobleme hat.<\/p>\n\n\n\n<p>Gibt es eine Altersgrenze f\u00fcr die Nasenkorrektur?<\/p>\n\n\n\n<p>\u00c4sthetische Nasenoperationen k\u00f6nnen bei Frauen ab 16\u00b717 Jahren und bei M\u00e4nnern ab 17\u00b718 Jahren durchgef\u00fchrt werden. Steht der Operation kein Hindernis entgegen, gibt es keine Altersobergrenze f\u00fcr die Nasenkorrektur.<\/p>\n\n\n\n<p>Wird eine Nasenkorrektur im Sommer durchgef\u00fchrt?<\/p>\n\n\n\n<p>Nasenkorrekturen k\u00f6nnen zu jeder Jahreszeit durchgef\u00fchrt werden. Es wird jedoch empfohlen, einen Sonnenschutz mit hohem Schutz zu verwenden und einen Hut zu tragen, wenn Sie in die Sonne gehen. Andernfalls k\u00f6nnen sch\u00e4dliche Sonnenstrahlen Flecken auf der Nasenhaut verursachen.<\/p>\n\n\n\n<p>Nachdem die Verb\u00e4nde nach der Operation entfernt wurden, k\u00f6nnen Sie im Meer schwimmen. Aufgrund der Chemikalien im Poolwasser sollte das Schwimmbad ca. zwei Monate nicht betreten werden.<\/p>\n\n\n\n<p>Was ist nach einer Nasenkorrektur zu beachten?<\/p>\n\n\n\n<p>F\u00fcr etwa zwei Monate nach der Nasenkorrektur;<\/p>\n\n\n\n<p>1- Ihre Nase sollte vor St\u00f6\u00dfen gesch\u00fctzt werden<\/p>\n\n\n\n<p>2- Brillen sollten nicht verwendet werden.<\/p>\n\n\n\n<p>3- Schwere Sportarten sollten nicht betrieben werden.<\/p>\n\n\n\n<p>4- Man sollte nicht in die Sonne gehen, sollte nicht ins Solarium und in die Sauna gehen, ohne Sonnenschutz mit hohem Schutz zu verwenden.<\/p>\n\n\n\n<p>5- Betreten Sie den Pool nicht.<\/p>\n","protected":false},"excerpt":{"rendered":"<p>Wie lange dauert eine Nasenkorrektur? Die Operation dauert durchschnittlich 3 Stunden. Dieser Zeitraum ist bei schweren Revisionsoperationen l\u00e4nger. Wie ist der Genesungsprozess nach einer Nasenkorrektur? Bluterg\u00fcsse und Schwellungen treten in der Regel nicht unmittelbar nach der Operation auf. Prellungen und Schwellungen bilden sich langsam einige Stunden nach der Operation und erreichen am zweiten Tag ihren [&#8230;]\n","protected":false},"author":1,"featured_media":500,"comment_status":"closed","ping_status":"closed","sticky":false,"template":"","format":"standard","meta":{"inline_featured_image":false,"footnotes":""},"categories":[34],"tags":[],"class_list":["post-954","post","type-post","status-publish","format-standard","has-post-thumbnail","hentry","category-nase"],"yoast_head":"<!-- This site is optimized with the Yoast SEO plugin v27.5 - https:\/\/yoast.com\/product\/yoast-seo-wordpress\/ -->\n<title>H\u00c4UFIG GESTELLTE FRAGEN ZUR NASEN\u00c4STHETIK - Fahrettin Y\u0131lmaz<\/title>\n<meta name=\"robots\" content=\"index, follow, max-snippet:-1, max-image-preview:large, max-video-preview:-1\" \/>\n<link rel=\"canonical\" href=\"https:\/\/www.fahrettinyilmaz.com\/de\/nase\/haeufig-gestellte-fragen-zur-nasenaesthetik\/\" \/>\n<meta property=\"og:locale\" content=\"de_DE\" \/>\n<meta property=\"og:type\" content=\"article\" \/>\n<meta property=\"og:title\" content=\"H\u00c4UFIG GESTELLTE FRAGEN ZUR NASEN\u00c4STHETIK - Fahrettin Y\u0131lmaz\" \/>\n<meta property=\"og:description\" content=\"Wie lange dauert eine Nasenkorrektur? Die Operation dauert durchschnittlich 3 Stunden. Dieser Zeitraum ist bei schweren Revisionsoperationen l\u00e4nger. Wie ist der Genesungsprozess nach einer Nasenkorrektur? Bluterg\u00fcsse und Schwellungen treten in der Regel nicht unmittelbar nach der Operation auf. Prellungen und Schwellungen bilden sich langsam einige Stunden nach der Operation und erreichen am zweiten Tag ihren [...]\" \/>\n<meta property=\"og:url\" content=\"https:\/\/www.fahrettinyilmaz.com\/de\/nase\/haeufig-gestellte-fragen-zur-nasenaesthetik\/\" \/>\n<meta property=\"og:site_name\" content=\"Fahrettin Y\u0131lmaz\" \/>\n<meta property=\"article:published_time\" content=\"2023-12-16T20:18:25+00:00\" \/>\n<meta property=\"article:modified_time\" content=\"2023-12-18T20:55:31+00:00\" \/>\n<meta property=\"og:image\" content=\"https:\/\/www.fahrettinyilmaz.com\/wp-content\/uploads\/2023\/12\/burun-estetik-sss.webp\" \/>\n\t<meta property=\"og:image:width\" content=\"631\" \/>\n\t<meta property=\"og:image:height\" content=\"420\" \/>\n\t<meta property=\"og:image:type\" content=\"image\/webp\" \/>\n<meta name=\"author\" content=\"admin\" \/>\n<meta name=\"twitter:card\" content=\"summary_large_image\" \/>\n<meta name=\"twitter:label1\" content=\"Verfasst von\" \/>\n\t<meta name=\"twitter:data1\" content=\"admin\" \/>\n\t<meta name=\"twitter:label2\" content=\"Gesch\u00e4tzte Lesezeit\" \/>\n\t<meta name=\"twitter:data2\" content=\"2\u00a0Minuten\" \/>\n<script type=\"application\/ld+json\" class=\"yoast-schema-graph\">{\"@context\":\"https:\\\/\\\/schema.org\",\"@graph\":[{\"@type\":\"Article\",\"@id\":\"https:\\\/\\\/www.fahrettinyilmaz.com\\\/de\\\/nase\\\/haeufig-gestellte-fragen-zur-nasenaesthetik\\\/#article\",\"isPartOf\":{\"@id\":\"https:\\\/\\\/www.fahrettinyilmaz.com\\\/de\\\/nase\\\/haeufig-gestellte-fragen-zur-nasenaesthetik\\\/\"},\"author\":{\"name\":\"admin\",\"@id\":\"https:\\\/\\\/www.fahrettinyilmaz.com\\\/de\\\/#\\\/schema\\\/person\\\/102f2879590341de9b53c218fd4fd0bd\"},\"headline\":\"H\u00c4UFIG GESTELLTE FRAGEN ZUR NASEN\u00c4STHETIK\",\"datePublished\":\"2023-12-16T20:18:25+00:00\",\"dateModified\":\"2023-12-18T20:55:31+00:00\",\"mainEntityOfPage\":{\"@id\":\"https:\\\/\\\/www.fahrettinyilmaz.com\\\/de\\\/nase\\\/haeufig-gestellte-fragen-zur-nasenaesthetik\\\/\"},\"wordCount\":451,\"image\":{\"@id\":\"https:\\\/\\\/www.fahrettinyilmaz.com\\\/de\\\/nase\\\/haeufig-gestellte-fragen-zur-nasenaesthetik\\\/#primaryimage\"},\"thumbnailUrl\":\"https:\\\/\\\/www.fahrettinyilmaz.com\\\/wp-content\\\/uploads\\\/2023\\\/12\\\/burun-estetik-sss.webp\",\"articleSection\":[\"Nase\"],\"inLanguage\":\"de\"},{\"@type\":\"WebPage\",\"@id\":\"https:\\\/\\\/www.fahrettinyilmaz.com\\\/de\\\/nase\\\/haeufig-gestellte-fragen-zur-nasenaesthetik\\\/\",\"url\":\"https:\\\/\\\/www.fahrettinyilmaz.com\\\/de\\\/nase\\\/haeufig-gestellte-fragen-zur-nasenaesthetik\\\/\",\"name\":\"H\u00c4UFIG GESTELLTE FRAGEN ZUR NASEN\u00c4STHETIK - Fahrettin Y\u0131lmaz\",\"isPartOf\":{\"@id\":\"https:\\\/\\\/www.fahrettinyilmaz.com\\\/de\\\/#website\"},\"primaryImageOfPage\":{\"@id\":\"https:\\\/\\\/www.fahrettinyilmaz.com\\\/de\\\/nase\\\/haeufig-gestellte-fragen-zur-nasenaesthetik\\\/#primaryimage\"},\"image\":{\"@id\":\"https:\\\/\\\/www.fahrettinyilmaz.com\\\/de\\\/nase\\\/haeufig-gestellte-fragen-zur-nasenaesthetik\\\/#primaryimage\"},\"thumbnailUrl\":\"https:\\\/\\\/www.fahrettinyilmaz.com\\\/wp-content\\\/uploads\\\/2023\\\/12\\\/burun-estetik-sss.webp\",\"datePublished\":\"2023-12-16T20:18:25+00:00\",\"dateModified\":\"2023-12-18T20:55:31+00:00\",\"author\":{\"@id\":\"https:\\\/\\\/www.fahrettinyilmaz.com\\\/de\\\/#\\\/schema\\\/person\\\/102f2879590341de9b53c218fd4fd0bd\"},\"breadcrumb\":{\"@id\":\"https:\\\/\\\/www.fahrettinyilmaz.com\\\/de\\\/nase\\\/haeufig-gestellte-fragen-zur-nasenaesthetik\\\/#breadcrumb\"},\"inLanguage\":\"de\",\"potentialAction\":[{\"@type\":\"ReadAction\",\"target\":[\"https:\\\/\\\/www.fahrettinyilmaz.com\\\/de\\\/nase\\\/haeufig-gestellte-fragen-zur-nasenaesthetik\\\/\"]}]},{\"@type\":\"ImageObject\",\"inLanguage\":\"de\",\"@id\":\"https:\\\/\\\/www.fahrettinyilmaz.com\\\/de\\\/nase\\\/haeufig-gestellte-fragen-zur-nasenaesthetik\\\/#primaryimage\",\"url\":\"https:\\\/\\\/www.fahrettinyilmaz.com\\\/wp-content\\\/uploads\\\/2023\\\/12\\\/burun-estetik-sss.webp\",\"contentUrl\":\"https:\\\/\\\/www.fahrettinyilmaz.com\\\/wp-content\\\/uploads\\\/2023\\\/12\\\/burun-estetik-sss.webp\",\"width\":631,\"height\":420},{\"@type\":\"BreadcrumbList\",\"@id\":\"https:\\\/\\\/www.fahrettinyilmaz.com\\\/de\\\/nase\\\/haeufig-gestellte-fragen-zur-nasenaesthetik\\\/#breadcrumb\",\"itemListElement\":[{\"@type\":\"ListItem\",\"position\":1,\"name\":\"Anasayfa\",\"item\":\"https:\\\/\\\/www.fahrettinyilmaz.com\\\/de\\\/\"},{\"@type\":\"ListItem\",\"position\":2,\"name\":\"H\u00c4UFIG GESTELLTE FRAGEN ZUR NASEN\u00c4STHETIK\"}]},{\"@type\":\"WebSite\",\"@id\":\"https:\\\/\\\/www.fahrettinyilmaz.com\\\/de\\\/#website\",\"url\":\"https:\\\/\\\/www.fahrettinyilmaz.com\\\/de\\\/\",\"name\":\"Fahrettin Y\u0131lmaz\",\"description\":\"\",\"potentialAction\":[{\"@type\":\"SearchAction\",\"target\":{\"@type\":\"EntryPoint\",\"urlTemplate\":\"https:\\\/\\\/www.fahrettinyilmaz.com\\\/de\\\/?s={search_term_string}\"},\"query-input\":{\"@type\":\"PropertyValueSpecification\",\"valueRequired\":true,\"valueName\":\"search_term_string\"}}],\"inLanguage\":\"de\"},{\"@type\":\"Person\",\"@id\":\"https:\\\/\\\/www.fahrettinyilmaz.com\\\/de\\\/#\\\/schema\\\/person\\\/102f2879590341de9b53c218fd4fd0bd\",\"name\":\"admin\",\"image\":{\"@type\":\"ImageObject\",\"inLanguage\":\"de\",\"@id\":\"https:\\\/\\\/secure.gravatar.com\\\/avatar\\\/8c941f42851381b5a1e28771a8d89d3d7313e95cb0c39176fd15322d45d656a9?s=96&d=mm&r=g\",\"url\":\"https:\\\/\\\/secure.gravatar.com\\\/avatar\\\/8c941f42851381b5a1e28771a8d89d3d7313e95cb0c39176fd15322d45d656a9?s=96&d=mm&r=g\",\"contentUrl\":\"https:\\\/\\\/secure.gravatar.com\\\/avatar\\\/8c941f42851381b5a1e28771a8d89d3d7313e95cb0c39176fd15322d45d656a9?s=96&d=mm&r=g\",\"caption\":\"admin\"},\"sameAs\":[\"https:\\\/\\\/www.fahr18dsaw.online\"]}]}<\/script>\n<!-- \/ Yoast SEO plugin. -->","yoast_head_json":{"title":"H\u00c4UFIG GESTELLTE FRAGEN ZUR NASEN\u00c4STHETIK - Fahrettin Y\u0131lmaz","robots":{"index":"index","follow":"follow","max-snippet":"max-snippet:-1","max-image-preview":"max-image-preview:large","max-video-preview":"max-video-preview:-1"},"canonical":"https:\/\/www.fahrettinyilmaz.com\/de\/nase\/haeufig-gestellte-fragen-zur-nasenaesthetik\/","og_locale":"de_DE","og_type":"article","og_title":"H\u00c4UFIG GESTELLTE FRAGEN ZUR NASEN\u00c4STHETIK - Fahrettin Y\u0131lmaz","og_description":"Wie lange dauert eine Nasenkorrektur? Die Operation dauert durchschnittlich 3 Stunden. Dieser Zeitraum ist bei schweren Revisionsoperationen l\u00e4nger. Wie ist der Genesungsprozess nach einer Nasenkorrektur? Bluterg\u00fcsse und Schwellungen treten in der Regel nicht unmittelbar nach der Operation auf. Prellungen und Schwellungen bilden sich langsam einige Stunden nach der Operation und erreichen am zweiten Tag ihren [...]","og_url":"https:\/\/www.fahrettinyilmaz.com\/de\/nase\/haeufig-gestellte-fragen-zur-nasenaesthetik\/","og_site_name":"Fahrettin Y\u0131lmaz","article_published_time":"2023-12-16T20:18:25+00:00","article_modified_time":"2023-12-18T20:55:31+00:00","og_image":[{"width":631,"height":420,"url":"https:\/\/www.fahrettinyilmaz.com\/wp-content\/uploads\/2023\/12\/burun-estetik-sss.webp","type":"image\/webp"}],"author":"admin","twitter_card":"summary_large_image","twitter_misc":{"Verfasst von":"admin","Gesch\u00e4tzte Lesezeit":"2\u00a0Minuten"},"schema":{"@context":"https:\/\/schema.org","@graph":[{"@type":"Article","@id":"https:\/\/www.fahrettinyilmaz.com\/de\/nase\/haeufig-gestellte-fragen-zur-nasenaesthetik\/#article","isPartOf":{"@id":"https:\/\/www.fahrettinyilmaz.com\/de\/nase\/haeufig-gestellte-fragen-zur-nasenaesthetik\/"},"author":{"name":"admin","@id":"https:\/\/www.fahrettinyilmaz.com\/de\/#\/schema\/person\/102f2879590341de9b53c218fd4fd0bd"},"headline":"H\u00c4UFIG GESTELLTE FRAGEN ZUR NASEN\u00c4STHETIK","datePublished":"2023-12-16T20:18:25+00:00","dateModified":"2023-12-18T20:55:31+00:00","mainEntityOfPage":{"@id":"https:\/\/www.fahrettinyilmaz.com\/de\/nase\/haeufig-gestellte-fragen-zur-nasenaesthetik\/"},"wordCount":451,"image":{"@id":"https:\/\/www.fahrettinyilmaz.com\/de\/nase\/haeufig-gestellte-fragen-zur-nasenaesthetik\/#primaryimage"},"thumbnailUrl":"https:\/\/www.fahrettinyilmaz.com\/wp-content\/uploads\/2023\/12\/burun-estetik-sss.webp","articleSection":["Nase"],"inLanguage":"de"},{"@type":"WebPage","@id":"https:\/\/www.fahrettinyilmaz.com\/de\/nase\/haeufig-gestellte-fragen-zur-nasenaesthetik\/","url":"https:\/\/www.fahrettinyilmaz.com\/de\/nase\/haeufig-gestellte-fragen-zur-nasenaesthetik\/","name":"H\u00c4UFIG GESTELLTE FRAGEN ZUR NASEN\u00c4STHETIK - Fahrettin Y\u0131lmaz","isPartOf":{"@id":"https:\/\/www.fahrettinyilmaz.com\/de\/#website"},"primaryImageOfPage":{"@id":"https:\/\/www.fahrettinyilmaz.com\/de\/nase\/haeufig-gestellte-fragen-zur-nasenaesthetik\/#primaryimage"},"image":{"@id":"https:\/\/www.fahrettinyilmaz.com\/de\/nase\/haeufig-gestellte-fragen-zur-nasenaesthetik\/#primaryimage"},"thumbnailUrl":"https:\/\/www.fahrettinyilmaz.com\/wp-content\/uploads\/2023\/12\/burun-estetik-sss.webp","datePublished":"2023-12-16T20:18:25+00:00","dateModified":"2023-12-18T20:55:31+00:00","author":{"@id":"https:\/\/www.fahrettinyilmaz.com\/de\/#\/schema\/person\/102f2879590341de9b53c218fd4fd0bd"},"breadcrumb":{"@id":"https:\/\/www.fahrettinyilmaz.com\/de\/nase\/haeufig-gestellte-fragen-zur-nasenaesthetik\/#breadcrumb"},"inLanguage":"de","potentialAction":[{"@type":"ReadAction","target":["https:\/\/www.fahrettinyilmaz.com\/de\/nase\/haeufig-gestellte-fragen-zur-nasenaesthetik\/"]}]},{"@type":"ImageObject","inLanguage":"de","@id":"https:\/\/www.fahrettinyilmaz.com\/de\/nase\/haeufig-gestellte-fragen-zur-nasenaesthetik\/#primaryimage","url":"https:\/\/www.fahrettinyilmaz.com\/wp-content\/uploads\/2023\/12\/burun-estetik-sss.webp","contentUrl":"https:\/\/www.fahrettinyilmaz.com\/wp-content\/uploads\/2023\/12\/burun-estetik-sss.webp","width":631,"height":420},{"@type":"BreadcrumbList","@id":"https:\/\/www.fahrettinyilmaz.com\/de\/nase\/haeufig-gestellte-fragen-zur-nasenaesthetik\/#breadcrumb","itemListElement":[{"@type":"ListItem","position":1,"name":"Anasayfa","item":"https:\/\/www.fahrettinyilmaz.com\/de\/"},{"@type":"ListItem","position":2,"name":"H\u00c4UFIG GESTELLTE FRAGEN ZUR NASEN\u00c4STHETIK"}]},{"@type":"WebSite","@id":"https:\/\/www.fahrettinyilmaz.com\/de\/#website","url":"https:\/\/www.fahrettinyilmaz.com\/de\/","name":"Fahrettin Y\u0131lmaz","description":"","potentialAction":[{"@type":"SearchAction","target":{"@type":"EntryPoint","urlTemplate":"https:\/\/www.fahrettinyilmaz.com\/de\/?s={search_term_string}"},"query-input":{"@type":"PropertyValueSpecification","valueRequired":true,"valueName":"search_term_string"}}],"inLanguage":"de"},{"@type":"Person","@id":"https:\/\/www.fahrettinyilmaz.com\/de\/#\/schema\/person\/102f2879590341de9b53c218fd4fd0bd","name":"admin","image":{"@type":"ImageObject","inLanguage":"de","@id":"https:\/\/secure.gravatar.com\/avatar\/8c941f42851381b5a1e28771a8d89d3d7313e95cb0c39176fd15322d45d656a9?s=96&d=mm&r=g","url":"https:\/\/secure.gravatar.com\/avatar\/8c941f42851381b5a1e28771a8d89d3d7313e95cb0c39176fd15322d45d656a9?s=96&d=mm&r=g","contentUrl":"https:\/\/secure.gravatar.com\/avatar\/8c941f42851381b5a1e28771a8d89d3d7313e95cb0c39176fd15322d45d656a9?s=96&d=mm&r=g","caption":"admin"},"sameAs":["https:\/\/www.fahr18dsaw.online"]}]}},"_links":{"self":[{"href":"https:\/\/www.fahrettinyilmaz.com\/de\/wp-json\/wp\/v2\/posts\/954","targetHints":{"allow":["GET"]}}],"collection":[{"href":"https:\/\/www.fahrettinyilmaz.com\/de\/wp-json\/wp\/v2\/posts"}],"about":[{"href":"https:\/\/www.fahrettinyilmaz.com\/de\/wp-json\/wp\/v2\/types\/post"}],"author":[{"embeddable":true,"href":"https:\/\/www.fahrettinyilmaz.com\/de\/wp-json\/wp\/v2\/users\/1"}],"replies":[{"embeddable":true,"href":"https:\/\/www.fahrettinyilmaz.com\/de\/wp-json\/wp\/v2\/comments?post=954"}],"version-history":[{"count":1,"href":"https:\/\/www.fahrettinyilmaz.com\/de\/wp-json\/wp\/v2\/posts\/954\/revisions"}],"predecessor-version":[{"id":955,"href":"https:\/\/www.fahrettinyilmaz.com\/de\/wp-json\/wp\/v2\/posts\/954\/revisions\/955"}],"wp:featuredmedia":[{"embeddable":true,"href":"https:\/\/www.fahrettinyilmaz.com\/de\/wp-json\/wp\/v2\/media\/500"}],"wp:attachment":[{"href":"https:\/\/www.fahrettinyilmaz.com\/de\/wp-json\/wp\/v2\/media?parent=954"}],"wp:term":[{"taxonomy":"category","embeddable":true,"href":"https:\/\/www.fahrettinyilmaz.com\/de\/wp-json\/wp\/v2\/categories?post=954"},{"taxonomy":"post_tag","embeddable":true,"href":"https:\/\/www.fahrettinyilmaz.com\/de\/wp-json\/wp\/v2\/tags?post=954"}],"curies":[{"name":"wp","href":"https:\/\/api.w.org\/{rel}","templated":true}]}}