{"id":863,"date":"2023-12-16T23:49:09","date_gmt":"2023-12-16T20:49:09","guid":{"rendered":"https:\/\/www.fahr18dsaw.online\/?p=863"},"modified":"2023-12-18T01:04:27","modified_gmt":"2023-12-17T22:04:27","slug":"tonsilenchirurgie-tonsileektomie","status":"publish","type":"post","link":"https:\/\/www.fahrettinyilmaz.com\/de\/kehle\/tonsilenchirurgie-tonsileektomie\/","title":{"rendered":"TONSILENCHIRURGIE = \u200b\u200bTONSILEEKTOMIE"},"content":{"rendered":"\n\n\n<p>Mandeln leisten einen wesentlichen Beitrag zum Immunsystem des K\u00f6rpers, insbesondere bis zum Alter von 3 Jahren. Wenn die Mandeln nicht gro\u00df genug sind, um die Atemwege zu verschlie\u00dfen, kann es vorzuziehen sein, die Operation zu verschieben oder die \u00fcberm\u00e4\u00dfig gro\u00dfen Mandeln teilweise zu verkleinern, bis das Kind drei Jahre alt ist.<\/p>\n\n\n\n<p>Die Mandeloperation wird unter Vollnarkose durchgef\u00fchrt und dauert etwa 15-20 Minuten, aber wenn die Vorbereitung, das Aufwachen und die Beobachtung des Patienten hinzugef\u00fcgt werden, erreicht die Gesamtzeit eine Stunde.<\/p>\n\n\n\n<p>Wir f\u00fchren Mandeloperationen mit einem thermischen Schwei\u00dfger\u00e4t durch. Bei Tonsillenoperationen, die mit Thermoschwei\u00dfen durchgef\u00fchrt werden, kommt es w\u00e4hrend der Operation nicht zu Blutungen, die postoperativen Schmerzen sind im Vergleich zu Standardoperationen geringer und die Genesung ist schneller.<\/p>\n\n\n\n<p>Patienten, die sich einer Tonsillektomie unterzogen haben, werden in der Regel noch am selben Tag entlassen. Sehr kleinen Kindern und Patienten mit zus\u00e4tzlicher Pathologie wird jedoch empfohlen, einen Tag im Krankenhaus zu bleiben.<\/p>\n\n\n\n<p>Komplikationen der Mandeloperation;<\/p>\n\n\n\n<p>Obwohl sehr seltene Komplikationen wie Verletzungen der Gef\u00e4\u00dfe und Nerven um die Mandeln, Kiefergelenk- und Zahntraumata durch \u00fcberm\u00e4\u00dfige Expansion des Mundspreizers, Traumata der Halswirbel durch \u00fcberm\u00e4\u00dfige Nackenaufh\u00e4ngung berichtet wurden, ist die h\u00e4ufigste Komplikation postoperativ Blutung.<\/p>\n\n\n\n<p>Blutungen treten am h\u00e4ufigsten in den ersten 24 Stunden 7-14 auf. tritt in Tagen auf. Sp\u00e4tblutungen sind besonders bei erwachsenen Patienten sehr h\u00e4ufig. Aus diesem Grund sollte in den ersten zwei Wochen nach der Operation auf die Ern\u00e4hrung geachtet und die \u00e4rztliche Empfehlung nicht \u00fcberschritten werden. Bei Blutungen ist der operierende Arzt zu informieren und unverz\u00fcglich das Krankenhaus aufzusuchen. In diesem Fall sollten die Blutungsherde erkannt und die Blutung mit der geeigneten Methode gestillt werden.<\/p>\n","protected":false},"excerpt":{"rendered":"<p>Mandeln leisten einen wesentlichen Beitrag zum Immunsystem des K\u00f6rpers, insbesondere bis zum Alter von 3 Jahren. Wenn die Mandeln nicht gro\u00df genug sind, um die Atemwege zu verschlie\u00dfen, kann es vorzuziehen sein, die Operation zu verschieben oder die \u00fcberm\u00e4\u00dfig gro\u00dfen Mandeln teilweise zu verkleinern, bis das Kind drei Jahre alt ist. Die Mandeloperation wird unter [&#8230;]\n","protected":false},"author":1,"featured_media":540,"comment_status":"closed","ping_status":"closed","sticky":false,"template":"","format":"standard","meta":{"inline_featured_image":false,"footnotes":""},"categories":[35],"tags":[],"class_list":["post-863","post","type-post","status-publish","format-standard","has-post-thumbnail","hentry","category-kehle"],"yoast_head":"<!-- This site is optimized with the Yoast SEO plugin v27.5 - https:\/\/yoast.com\/product\/yoast-seo-wordpress\/ -->\n<title>TONSILENCHIRURGIE = \u200b\u200bTONSILEEKTOMIE - Fahrettin Y\u0131lmaz<\/title>\n<meta name=\"robots\" content=\"index, follow, max-snippet:-1, max-image-preview:large, max-video-preview:-1\" \/>\n<link rel=\"canonical\" href=\"https:\/\/www.fahrettinyilmaz.com\/de\/kehle\/tonsilenchirurgie-tonsileektomie\/\" \/>\n<meta property=\"og:locale\" content=\"de_DE\" \/>\n<meta property=\"og:type\" content=\"article\" \/>\n<meta property=\"og:title\" content=\"TONSILENCHIRURGIE = \u200b\u200bTONSILEEKTOMIE - Fahrettin Y\u0131lmaz\" \/>\n<meta property=\"og:description\" content=\"Mandeln leisten einen wesentlichen Beitrag zum Immunsystem des K\u00f6rpers, insbesondere bis zum Alter von 3 Jahren. Wenn die Mandeln nicht gro\u00df genug sind, um die Atemwege zu verschlie\u00dfen, kann es vorzuziehen sein, die Operation zu verschieben oder die \u00fcberm\u00e4\u00dfig gro\u00dfen Mandeln teilweise zu verkleinern, bis das Kind drei Jahre alt ist. Die Mandeloperation wird unter [...]\" \/>\n<meta property=\"og:url\" content=\"https:\/\/www.fahrettinyilmaz.com\/de\/kehle\/tonsilenchirurgie-tonsileektomie\/\" \/>\n<meta property=\"og:site_name\" content=\"Fahrettin Y\u0131lmaz\" \/>\n<meta property=\"article:published_time\" content=\"2023-12-16T20:49:09+00:00\" \/>\n<meta property=\"article:modified_time\" content=\"2023-12-17T22:04:27+00:00\" \/>\n<meta property=\"og:image\" content=\"https:\/\/www.fahrettinyilmaz.com\/wp-content\/uploads\/2023\/12\/19.webp\" \/>\n\t<meta property=\"og:image:width\" content=\"620\" \/>\n\t<meta property=\"og:image:height\" content=\"330\" \/>\n\t<meta property=\"og:image:type\" content=\"image\/webp\" \/>\n<meta name=\"author\" content=\"admin\" \/>\n<meta name=\"twitter:card\" content=\"summary_large_image\" \/>\n<meta name=\"twitter:label1\" content=\"Verfasst von\" \/>\n\t<meta name=\"twitter:data1\" content=\"admin\" \/>\n\t<meta name=\"twitter:label2\" content=\"Gesch\u00e4tzte Lesezeit\" \/>\n\t<meta name=\"twitter:data2\" content=\"1\u00a0Minute\" \/>\n<script type=\"application\/ld+json\" class=\"yoast-schema-graph\">{\"@context\":\"https:\\\/\\\/schema.org\",\"@graph\":[{\"@type\":\"Article\",\"@id\":\"https:\\\/\\\/www.fahrettinyilmaz.com\\\/de\\\/kehle\\\/tonsilenchirurgie-tonsileektomie\\\/#article\",\"isPartOf\":{\"@id\":\"https:\\\/\\\/www.fahrettinyilmaz.com\\\/de\\\/kehle\\\/tonsilenchirurgie-tonsileektomie\\\/\"},\"author\":{\"name\":\"admin\",\"@id\":\"https:\\\/\\\/www.fahrettinyilmaz.com\\\/de\\\/#\\\/schema\\\/person\\\/102f2879590341de9b53c218fd4fd0bd\"},\"headline\":\"TONSILENCHIRURGIE = \u200b\u200bTONSILEEKTOMIE\",\"datePublished\":\"2023-12-16T20:49:09+00:00\",\"dateModified\":\"2023-12-17T22:04:27+00:00\",\"mainEntityOfPage\":{\"@id\":\"https:\\\/\\\/www.fahrettinyilmaz.com\\\/de\\\/kehle\\\/tonsilenchirurgie-tonsileektomie\\\/\"},\"wordCount\":286,\"image\":{\"@id\":\"https:\\\/\\\/www.fahrettinyilmaz.com\\\/de\\\/kehle\\\/tonsilenchirurgie-tonsileektomie\\\/#primaryimage\"},\"thumbnailUrl\":\"https:\\\/\\\/www.fahrettinyilmaz.com\\\/wp-content\\\/uploads\\\/2023\\\/12\\\/19.webp\",\"articleSection\":[\"Kehle\"],\"inLanguage\":\"de\"},{\"@type\":\"WebPage\",\"@id\":\"https:\\\/\\\/www.fahrettinyilmaz.com\\\/de\\\/kehle\\\/tonsilenchirurgie-tonsileektomie\\\/\",\"url\":\"https:\\\/\\\/www.fahrettinyilmaz.com\\\/de\\\/kehle\\\/tonsilenchirurgie-tonsileektomie\\\/\",\"name\":\"TONSILENCHIRURGIE = \u200b\u200bTONSILEEKTOMIE - Fahrettin Y\u0131lmaz\",\"isPartOf\":{\"@id\":\"https:\\\/\\\/www.fahrettinyilmaz.com\\\/de\\\/#website\"},\"primaryImageOfPage\":{\"@id\":\"https:\\\/\\\/www.fahrettinyilmaz.com\\\/de\\\/kehle\\\/tonsilenchirurgie-tonsileektomie\\\/#primaryimage\"},\"image\":{\"@id\":\"https:\\\/\\\/www.fahrettinyilmaz.com\\\/de\\\/kehle\\\/tonsilenchirurgie-tonsileektomie\\\/#primaryimage\"},\"thumbnailUrl\":\"https:\\\/\\\/www.fahrettinyilmaz.com\\\/wp-content\\\/uploads\\\/2023\\\/12\\\/19.webp\",\"datePublished\":\"2023-12-16T20:49:09+00:00\",\"dateModified\":\"2023-12-17T22:04:27+00:00\",\"author\":{\"@id\":\"https:\\\/\\\/www.fahrettinyilmaz.com\\\/de\\\/#\\\/schema\\\/person\\\/102f2879590341de9b53c218fd4fd0bd\"},\"breadcrumb\":{\"@id\":\"https:\\\/\\\/www.fahrettinyilmaz.com\\\/de\\\/kehle\\\/tonsilenchirurgie-tonsileektomie\\\/#breadcrumb\"},\"inLanguage\":\"de\",\"potentialAction\":[{\"@type\":\"ReadAction\",\"target\":[\"https:\\\/\\\/www.fahrettinyilmaz.com\\\/de\\\/kehle\\\/tonsilenchirurgie-tonsileektomie\\\/\"]}]},{\"@type\":\"ImageObject\",\"inLanguage\":\"de\",\"@id\":\"https:\\\/\\\/www.fahrettinyilmaz.com\\\/de\\\/kehle\\\/tonsilenchirurgie-tonsileektomie\\\/#primaryimage\",\"url\":\"https:\\\/\\\/www.fahrettinyilmaz.com\\\/wp-content\\\/uploads\\\/2023\\\/12\\\/19.webp\",\"contentUrl\":\"https:\\\/\\\/www.fahrettinyilmaz.com\\\/wp-content\\\/uploads\\\/2023\\\/12\\\/19.webp\",\"width\":620,\"height\":330},{\"@type\":\"BreadcrumbList\",\"@id\":\"https:\\\/\\\/www.fahrettinyilmaz.com\\\/de\\\/kehle\\\/tonsilenchirurgie-tonsileektomie\\\/#breadcrumb\",\"itemListElement\":[{\"@type\":\"ListItem\",\"position\":1,\"name\":\"Anasayfa\",\"item\":\"https:\\\/\\\/www.fahrettinyilmaz.com\\\/de\\\/\"},{\"@type\":\"ListItem\",\"position\":2,\"name\":\"TONSILENCHIRURGIE = \u200b\u200bTONSILEEKTOMIE\"}]},{\"@type\":\"WebSite\",\"@id\":\"https:\\\/\\\/www.fahrettinyilmaz.com\\\/de\\\/#website\",\"url\":\"https:\\\/\\\/www.fahrettinyilmaz.com\\\/de\\\/\",\"name\":\"Fahrettin Y\u0131lmaz\",\"description\":\"\",\"potentialAction\":[{\"@type\":\"SearchAction\",\"target\":{\"@type\":\"EntryPoint\",\"urlTemplate\":\"https:\\\/\\\/www.fahrettinyilmaz.com\\\/de\\\/?s={search_term_string}\"},\"query-input\":{\"@type\":\"PropertyValueSpecification\",\"valueRequired\":true,\"valueName\":\"search_term_string\"}}],\"inLanguage\":\"de\"},{\"@type\":\"Person\",\"@id\":\"https:\\\/\\\/www.fahrettinyilmaz.com\\\/de\\\/#\\\/schema\\\/person\\\/102f2879590341de9b53c218fd4fd0bd\",\"name\":\"admin\",\"image\":{\"@type\":\"ImageObject\",\"inLanguage\":\"de\",\"@id\":\"https:\\\/\\\/secure.gravatar.com\\\/avatar\\\/8c941f42851381b5a1e28771a8d89d3d7313e95cb0c39176fd15322d45d656a9?s=96&d=mm&r=g\",\"url\":\"https:\\\/\\\/secure.gravatar.com\\\/avatar\\\/8c941f42851381b5a1e28771a8d89d3d7313e95cb0c39176fd15322d45d656a9?s=96&d=mm&r=g\",\"contentUrl\":\"https:\\\/\\\/secure.gravatar.com\\\/avatar\\\/8c941f42851381b5a1e28771a8d89d3d7313e95cb0c39176fd15322d45d656a9?s=96&d=mm&r=g\",\"caption\":\"admin\"},\"sameAs\":[\"https:\\\/\\\/www.fahr18dsaw.online\"]}]}<\/script>\n<!-- \/ Yoast SEO plugin. -->","yoast_head_json":{"title":"TONSILENCHIRURGIE = \u200b\u200bTONSILEEKTOMIE - Fahrettin Y\u0131lmaz","robots":{"index":"index","follow":"follow","max-snippet":"max-snippet:-1","max-image-preview":"max-image-preview:large","max-video-preview":"max-video-preview:-1"},"canonical":"https:\/\/www.fahrettinyilmaz.com\/de\/kehle\/tonsilenchirurgie-tonsileektomie\/","og_locale":"de_DE","og_type":"article","og_title":"TONSILENCHIRURGIE = \u200b\u200bTONSILEEKTOMIE - Fahrettin Y\u0131lmaz","og_description":"Mandeln leisten einen wesentlichen Beitrag zum Immunsystem des K\u00f6rpers, insbesondere bis zum Alter von 3 Jahren. Wenn die Mandeln nicht gro\u00df genug sind, um die Atemwege zu verschlie\u00dfen, kann es vorzuziehen sein, die Operation zu verschieben oder die \u00fcberm\u00e4\u00dfig gro\u00dfen Mandeln teilweise zu verkleinern, bis das Kind drei Jahre alt ist. Die Mandeloperation wird unter [...]","og_url":"https:\/\/www.fahrettinyilmaz.com\/de\/kehle\/tonsilenchirurgie-tonsileektomie\/","og_site_name":"Fahrettin Y\u0131lmaz","article_published_time":"2023-12-16T20:49:09+00:00","article_modified_time":"2023-12-17T22:04:27+00:00","og_image":[{"width":620,"height":330,"url":"https:\/\/www.fahrettinyilmaz.com\/wp-content\/uploads\/2023\/12\/19.webp","type":"image\/webp"}],"author":"admin","twitter_card":"summary_large_image","twitter_misc":{"Verfasst von":"admin","Gesch\u00e4tzte Lesezeit":"1\u00a0Minute"},"schema":{"@context":"https:\/\/schema.org","@graph":[{"@type":"Article","@id":"https:\/\/www.fahrettinyilmaz.com\/de\/kehle\/tonsilenchirurgie-tonsileektomie\/#article","isPartOf":{"@id":"https:\/\/www.fahrettinyilmaz.com\/de\/kehle\/tonsilenchirurgie-tonsileektomie\/"},"author":{"name":"admin","@id":"https:\/\/www.fahrettinyilmaz.com\/de\/#\/schema\/person\/102f2879590341de9b53c218fd4fd0bd"},"headline":"TONSILENCHIRURGIE = \u200b\u200bTONSILEEKTOMIE","datePublished":"2023-12-16T20:49:09+00:00","dateModified":"2023-12-17T22:04:27+00:00","mainEntityOfPage":{"@id":"https:\/\/www.fahrettinyilmaz.com\/de\/kehle\/tonsilenchirurgie-tonsileektomie\/"},"wordCount":286,"image":{"@id":"https:\/\/www.fahrettinyilmaz.com\/de\/kehle\/tonsilenchirurgie-tonsileektomie\/#primaryimage"},"thumbnailUrl":"https:\/\/www.fahrettinyilmaz.com\/wp-content\/uploads\/2023\/12\/19.webp","articleSection":["Kehle"],"inLanguage":"de"},{"@type":"WebPage","@id":"https:\/\/www.fahrettinyilmaz.com\/de\/kehle\/tonsilenchirurgie-tonsileektomie\/","url":"https:\/\/www.fahrettinyilmaz.com\/de\/kehle\/tonsilenchirurgie-tonsileektomie\/","name":"TONSILENCHIRURGIE = \u200b\u200bTONSILEEKTOMIE - Fahrettin Y\u0131lmaz","isPartOf":{"@id":"https:\/\/www.fahrettinyilmaz.com\/de\/#website"},"primaryImageOfPage":{"@id":"https:\/\/www.fahrettinyilmaz.com\/de\/kehle\/tonsilenchirurgie-tonsileektomie\/#primaryimage"},"image":{"@id":"https:\/\/www.fahrettinyilmaz.com\/de\/kehle\/tonsilenchirurgie-tonsileektomie\/#primaryimage"},"thumbnailUrl":"https:\/\/www.fahrettinyilmaz.com\/wp-content\/uploads\/2023\/12\/19.webp","datePublished":"2023-12-16T20:49:09+00:00","dateModified":"2023-12-17T22:04:27+00:00","author":{"@id":"https:\/\/www.fahrettinyilmaz.com\/de\/#\/schema\/person\/102f2879590341de9b53c218fd4fd0bd"},"breadcrumb":{"@id":"https:\/\/www.fahrettinyilmaz.com\/de\/kehle\/tonsilenchirurgie-tonsileektomie\/#breadcrumb"},"inLanguage":"de","potentialAction":[{"@type":"ReadAction","target":["https:\/\/www.fahrettinyilmaz.com\/de\/kehle\/tonsilenchirurgie-tonsileektomie\/"]}]},{"@type":"ImageObject","inLanguage":"de","@id":"https:\/\/www.fahrettinyilmaz.com\/de\/kehle\/tonsilenchirurgie-tonsileektomie\/#primaryimage","url":"https:\/\/www.fahrettinyilmaz.com\/wp-content\/uploads\/2023\/12\/19.webp","contentUrl":"https:\/\/www.fahrettinyilmaz.com\/wp-content\/uploads\/2023\/12\/19.webp","width":620,"height":330},{"@type":"BreadcrumbList","@id":"https:\/\/www.fahrettinyilmaz.com\/de\/kehle\/tonsilenchirurgie-tonsileektomie\/#breadcrumb","itemListElement":[{"@type":"ListItem","position":1,"name":"Anasayfa","item":"https:\/\/www.fahrettinyilmaz.com\/de\/"},{"@type":"ListItem","position":2,"name":"TONSILENCHIRURGIE = \u200b\u200bTONSILEEKTOMIE"}]},{"@type":"WebSite","@id":"https:\/\/www.fahrettinyilmaz.com\/de\/#website","url":"https:\/\/www.fahrettinyilmaz.com\/de\/","name":"Fahrettin Y\u0131lmaz","description":"","potentialAction":[{"@type":"SearchAction","target":{"@type":"EntryPoint","urlTemplate":"https:\/\/www.fahrettinyilmaz.com\/de\/?s={search_term_string}"},"query-input":{"@type":"PropertyValueSpecification","valueRequired":true,"valueName":"search_term_string"}}],"inLanguage":"de"},{"@type":"Person","@id":"https:\/\/www.fahrettinyilmaz.com\/de\/#\/schema\/person\/102f2879590341de9b53c218fd4fd0bd","name":"admin","image":{"@type":"ImageObject","inLanguage":"de","@id":"https:\/\/secure.gravatar.com\/avatar\/8c941f42851381b5a1e28771a8d89d3d7313e95cb0c39176fd15322d45d656a9?s=96&d=mm&r=g","url":"https:\/\/secure.gravatar.com\/avatar\/8c941f42851381b5a1e28771a8d89d3d7313e95cb0c39176fd15322d45d656a9?s=96&d=mm&r=g","contentUrl":"https:\/\/secure.gravatar.com\/avatar\/8c941f42851381b5a1e28771a8d89d3d7313e95cb0c39176fd15322d45d656a9?s=96&d=mm&r=g","caption":"admin"},"sameAs":["https:\/\/www.fahr18dsaw.online"]}]}},"_links":{"self":[{"href":"https:\/\/www.fahrettinyilmaz.com\/de\/wp-json\/wp\/v2\/posts\/863","targetHints":{"allow":["GET"]}}],"collection":[{"href":"https:\/\/www.fahrettinyilmaz.com\/de\/wp-json\/wp\/v2\/posts"}],"about":[{"href":"https:\/\/www.fahrettinyilmaz.com\/de\/wp-json\/wp\/v2\/types\/post"}],"author":[{"embeddable":true,"href":"https:\/\/www.fahrettinyilmaz.com\/de\/wp-json\/wp\/v2\/users\/1"}],"replies":[{"embeddable":true,"href":"https:\/\/www.fahrettinyilmaz.com\/de\/wp-json\/wp\/v2\/comments?post=863"}],"version-history":[{"count":0,"href":"https:\/\/www.fahrettinyilmaz.com\/de\/wp-json\/wp\/v2\/posts\/863\/revisions"}],"wp:featuredmedia":[{"embeddable":true,"href":"https:\/\/www.fahrettinyilmaz.com\/de\/wp-json\/wp\/v2\/media\/540"}],"wp:attachment":[{"href":"https:\/\/www.fahrettinyilmaz.com\/de\/wp-json\/wp\/v2\/media?parent=863"}],"wp:term":[{"taxonomy":"category","embeddable":true,"href":"https:\/\/www.fahrettinyilmaz.com\/de\/wp-json\/wp\/v2\/categories?post=863"},{"taxonomy":"post_tag","embeddable":true,"href":"https:\/\/www.fahrettinyilmaz.com\/de\/wp-json\/wp\/v2\/tags?post=863"}],"curies":[{"name":"wp","href":"https:\/\/api.w.org\/{rel}","templated":true}]}}