{"id":813,"date":"2023-12-16T23:55:02","date_gmt":"2023-12-16T20:55:02","guid":{"rendered":"https:\/\/www.fahr18dsaw.online\/?p=813"},"modified":"2023-12-17T22:30:59","modified_gmt":"2023-12-17T19:30:59","slug":"tyroglossal-ductus-zyste","status":"publish","type":"post","link":"https:\/\/www.fahrettinyilmaz.com\/de\/kopf-hals\/tyroglossal-ductus-zyste\/","title":{"rendered":"TYROGLOSSAL DUCTUS ZYSTE"},"content":{"rendered":"\n\n\n<p>Die Schilddr\u00fcse wird im Embryonalleben an der Zungenwurzel gebildet und bewegt sich in der 7. Wenn sich die Schilddr\u00fcse an ihrem normalen Platz festsetzt, bildet sich dieser Kanal, der die Dr\u00fcse von der Zungenwurzel bis hierher wandern l\u00e4sst, zur\u00fcck und verschwindet in der 10. Schwangerschaftswoche.<\/p>\n\n\n\n<p>Nach normaler Migration tritt eine Thyreoglossuszyste auf, wenn ein Teil des Ganges nicht verschwindet und zystisch wird. Die Thyreoglossuszyste ist die h\u00e4ufigste angeborene Halsgeschwulst. Obwohl es in jedem Alter gesehen werden kann, tritt es am h\u00e4ufigsten im Alter von 2-10 Jahren auf.<\/p>\n\n\n\n<p>Die Thyreoglossuszyste befindet sich fast immer in der Mitte des Halses, es ist zu sehen, dass sich die Zyste nach oben bewegt, wenn die Zunge herausragt. Dies ist typisch f\u00fcr die gefundene Thyreoglossuszyste.<\/p>\n\n\n\n<p>Die Diagnose wird durch Hals-Nasen-Ohren-Untersuchung und Halsultraschall gestellt.<\/p>\n\n\n\n<p>Die Behandlung besteht in der chirurgischen Entfernung dieser Zysten. Zysten, die nicht chirurgisch entfernt werden, wachsen infiziert. Wenn eine Thyreoglossuszyste infiziert wird und sich \u00f6ffnet, wird dies als Thyreoglossusfistel bezeichnet. Manchmal kann sich aus dieser Zyste ein Tumor entwickeln.<\/p>\n","protected":false},"excerpt":{"rendered":"<p>Die Schilddr\u00fcse wird im Embryonalleben an der Zungenwurzel gebildet und bewegt sich in der 7. Wenn sich die Schilddr\u00fcse an ihrem normalen Platz festsetzt, bildet sich dieser Kanal, der die Dr\u00fcse von der Zungenwurzel bis hierher wandern l\u00e4sst, zur\u00fcck und verschwindet in der 10. Schwangerschaftswoche. Nach normaler Migration tritt eine Thyreoglossuszyste auf, wenn ein Teil [&#8230;]\n","protected":false},"author":1,"featured_media":556,"comment_status":"closed","ping_status":"closed","sticky":false,"template":"","format":"standard","meta":{"inline_featured_image":false,"footnotes":""},"categories":[36],"tags":[],"class_list":["post-813","post","type-post","status-publish","format-standard","has-post-thumbnail","hentry","category-kopf-hals"],"yoast_head":"<!-- This site is optimized with the Yoast SEO plugin v27.5 - https:\/\/yoast.com\/product\/yoast-seo-wordpress\/ -->\n<title>TYROGLOSSAL DUCTUS ZYSTE - Fahrettin Y\u0131lmaz<\/title>\n<meta name=\"robots\" content=\"index, follow, max-snippet:-1, max-image-preview:large, max-video-preview:-1\" \/>\n<link rel=\"canonical\" href=\"https:\/\/www.fahrettinyilmaz.com\/de\/kopf-hals\/tyroglossal-ductus-zyste\/\" \/>\n<meta property=\"og:locale\" content=\"de_DE\" \/>\n<meta property=\"og:type\" content=\"article\" \/>\n<meta property=\"og:title\" content=\"TYROGLOSSAL DUCTUS ZYSTE - Fahrettin Y\u0131lmaz\" \/>\n<meta property=\"og:description\" content=\"Die Schilddr\u00fcse wird im Embryonalleben an der Zungenwurzel gebildet und bewegt sich in der 7. Wenn sich die Schilddr\u00fcse an ihrem normalen Platz festsetzt, bildet sich dieser Kanal, der die Dr\u00fcse von der Zungenwurzel bis hierher wandern l\u00e4sst, zur\u00fcck und verschwindet in der 10. Schwangerschaftswoche. Nach normaler Migration tritt eine Thyreoglossuszyste auf, wenn ein Teil [...]\" \/>\n<meta property=\"og:url\" content=\"https:\/\/www.fahrettinyilmaz.com\/de\/kopf-hals\/tyroglossal-ductus-zyste\/\" \/>\n<meta property=\"og:site_name\" content=\"Fahrettin Y\u0131lmaz\" \/>\n<meta property=\"article:published_time\" content=\"2023-12-16T20:55:02+00:00\" \/>\n<meta property=\"article:modified_time\" content=\"2023-12-17T19:30:59+00:00\" \/>\n<meta property=\"og:image\" content=\"https:\/\/www.fahrettinyilmaz.com\/wp-content\/uploads\/2023\/12\/01.webp\" \/>\n\t<meta property=\"og:image:width\" content=\"626\" \/>\n\t<meta property=\"og:image:height\" content=\"430\" \/>\n\t<meta property=\"og:image:type\" content=\"image\/webp\" \/>\n<meta name=\"author\" content=\"admin\" \/>\n<meta name=\"twitter:card\" content=\"summary_large_image\" \/>\n<meta name=\"twitter:label1\" content=\"Verfasst von\" \/>\n\t<meta name=\"twitter:data1\" content=\"admin\" \/>\n\t<meta name=\"twitter:label2\" content=\"Gesch\u00e4tzte Lesezeit\" \/>\n\t<meta name=\"twitter:data2\" content=\"1\u00a0Minute\" \/>\n<script type=\"application\/ld+json\" class=\"yoast-schema-graph\">{\"@context\":\"https:\\\/\\\/schema.org\",\"@graph\":[{\"@type\":\"Article\",\"@id\":\"https:\\\/\\\/www.fahrettinyilmaz.com\\\/de\\\/kopf-hals\\\/tyroglossal-ductus-zyste\\\/#article\",\"isPartOf\":{\"@id\":\"https:\\\/\\\/www.fahrettinyilmaz.com\\\/de\\\/kopf-hals\\\/tyroglossal-ductus-zyste\\\/\"},\"author\":{\"name\":\"admin\",\"@id\":\"https:\\\/\\\/www.fahrettinyilmaz.com\\\/de\\\/#\\\/schema\\\/person\\\/102f2879590341de9b53c218fd4fd0bd\"},\"headline\":\"TYROGLOSSAL DUCTUS ZYSTE\",\"datePublished\":\"2023-12-16T20:55:02+00:00\",\"dateModified\":\"2023-12-17T19:30:59+00:00\",\"mainEntityOfPage\":{\"@id\":\"https:\\\/\\\/www.fahrettinyilmaz.com\\\/de\\\/kopf-hals\\\/tyroglossal-ductus-zyste\\\/\"},\"wordCount\":176,\"image\":{\"@id\":\"https:\\\/\\\/www.fahrettinyilmaz.com\\\/de\\\/kopf-hals\\\/tyroglossal-ductus-zyste\\\/#primaryimage\"},\"thumbnailUrl\":\"https:\\\/\\\/www.fahrettinyilmaz.com\\\/wp-content\\\/uploads\\\/2023\\\/12\\\/01.webp\",\"articleSection\":[\"Kopf Hals\"],\"inLanguage\":\"de\"},{\"@type\":\"WebPage\",\"@id\":\"https:\\\/\\\/www.fahrettinyilmaz.com\\\/de\\\/kopf-hals\\\/tyroglossal-ductus-zyste\\\/\",\"url\":\"https:\\\/\\\/www.fahrettinyilmaz.com\\\/de\\\/kopf-hals\\\/tyroglossal-ductus-zyste\\\/\",\"name\":\"TYROGLOSSAL DUCTUS ZYSTE - Fahrettin Y\u0131lmaz\",\"isPartOf\":{\"@id\":\"https:\\\/\\\/www.fahrettinyilmaz.com\\\/de\\\/#website\"},\"primaryImageOfPage\":{\"@id\":\"https:\\\/\\\/www.fahrettinyilmaz.com\\\/de\\\/kopf-hals\\\/tyroglossal-ductus-zyste\\\/#primaryimage\"},\"image\":{\"@id\":\"https:\\\/\\\/www.fahrettinyilmaz.com\\\/de\\\/kopf-hals\\\/tyroglossal-ductus-zyste\\\/#primaryimage\"},\"thumbnailUrl\":\"https:\\\/\\\/www.fahrettinyilmaz.com\\\/wp-content\\\/uploads\\\/2023\\\/12\\\/01.webp\",\"datePublished\":\"2023-12-16T20:55:02+00:00\",\"dateModified\":\"2023-12-17T19:30:59+00:00\",\"author\":{\"@id\":\"https:\\\/\\\/www.fahrettinyilmaz.com\\\/de\\\/#\\\/schema\\\/person\\\/102f2879590341de9b53c218fd4fd0bd\"},\"breadcrumb\":{\"@id\":\"https:\\\/\\\/www.fahrettinyilmaz.com\\\/de\\\/kopf-hals\\\/tyroglossal-ductus-zyste\\\/#breadcrumb\"},\"inLanguage\":\"de\",\"potentialAction\":[{\"@type\":\"ReadAction\",\"target\":[\"https:\\\/\\\/www.fahrettinyilmaz.com\\\/de\\\/kopf-hals\\\/tyroglossal-ductus-zyste\\\/\"]}]},{\"@type\":\"ImageObject\",\"inLanguage\":\"de\",\"@id\":\"https:\\\/\\\/www.fahrettinyilmaz.com\\\/de\\\/kopf-hals\\\/tyroglossal-ductus-zyste\\\/#primaryimage\",\"url\":\"https:\\\/\\\/www.fahrettinyilmaz.com\\\/wp-content\\\/uploads\\\/2023\\\/12\\\/01.webp\",\"contentUrl\":\"https:\\\/\\\/www.fahrettinyilmaz.com\\\/wp-content\\\/uploads\\\/2023\\\/12\\\/01.webp\",\"width\":626,\"height\":430},{\"@type\":\"BreadcrumbList\",\"@id\":\"https:\\\/\\\/www.fahrettinyilmaz.com\\\/de\\\/kopf-hals\\\/tyroglossal-ductus-zyste\\\/#breadcrumb\",\"itemListElement\":[{\"@type\":\"ListItem\",\"position\":1,\"name\":\"Anasayfa\",\"item\":\"https:\\\/\\\/www.fahrettinyilmaz.com\\\/de\\\/\"},{\"@type\":\"ListItem\",\"position\":2,\"name\":\"TYROGLOSSAL DUCTUS ZYSTE\"}]},{\"@type\":\"WebSite\",\"@id\":\"https:\\\/\\\/www.fahrettinyilmaz.com\\\/de\\\/#website\",\"url\":\"https:\\\/\\\/www.fahrettinyilmaz.com\\\/de\\\/\",\"name\":\"Fahrettin Y\u0131lmaz\",\"description\":\"\",\"potentialAction\":[{\"@type\":\"SearchAction\",\"target\":{\"@type\":\"EntryPoint\",\"urlTemplate\":\"https:\\\/\\\/www.fahrettinyilmaz.com\\\/de\\\/?s={search_term_string}\"},\"query-input\":{\"@type\":\"PropertyValueSpecification\",\"valueRequired\":true,\"valueName\":\"search_term_string\"}}],\"inLanguage\":\"de\"},{\"@type\":\"Person\",\"@id\":\"https:\\\/\\\/www.fahrettinyilmaz.com\\\/de\\\/#\\\/schema\\\/person\\\/102f2879590341de9b53c218fd4fd0bd\",\"name\":\"admin\",\"image\":{\"@type\":\"ImageObject\",\"inLanguage\":\"de\",\"@id\":\"https:\\\/\\\/secure.gravatar.com\\\/avatar\\\/8c941f42851381b5a1e28771a8d89d3d7313e95cb0c39176fd15322d45d656a9?s=96&d=mm&r=g\",\"url\":\"https:\\\/\\\/secure.gravatar.com\\\/avatar\\\/8c941f42851381b5a1e28771a8d89d3d7313e95cb0c39176fd15322d45d656a9?s=96&d=mm&r=g\",\"contentUrl\":\"https:\\\/\\\/secure.gravatar.com\\\/avatar\\\/8c941f42851381b5a1e28771a8d89d3d7313e95cb0c39176fd15322d45d656a9?s=96&d=mm&r=g\",\"caption\":\"admin\"},\"sameAs\":[\"https:\\\/\\\/www.fahr18dsaw.online\"]}]}<\/script>\n<!-- \/ Yoast SEO plugin. -->","yoast_head_json":{"title":"TYROGLOSSAL DUCTUS ZYSTE - Fahrettin Y\u0131lmaz","robots":{"index":"index","follow":"follow","max-snippet":"max-snippet:-1","max-image-preview":"max-image-preview:large","max-video-preview":"max-video-preview:-1"},"canonical":"https:\/\/www.fahrettinyilmaz.com\/de\/kopf-hals\/tyroglossal-ductus-zyste\/","og_locale":"de_DE","og_type":"article","og_title":"TYROGLOSSAL DUCTUS ZYSTE - Fahrettin Y\u0131lmaz","og_description":"Die Schilddr\u00fcse wird im Embryonalleben an der Zungenwurzel gebildet und bewegt sich in der 7. Wenn sich die Schilddr\u00fcse an ihrem normalen Platz festsetzt, bildet sich dieser Kanal, der die Dr\u00fcse von der Zungenwurzel bis hierher wandern l\u00e4sst, zur\u00fcck und verschwindet in der 10. Schwangerschaftswoche. Nach normaler Migration tritt eine Thyreoglossuszyste auf, wenn ein Teil [...]","og_url":"https:\/\/www.fahrettinyilmaz.com\/de\/kopf-hals\/tyroglossal-ductus-zyste\/","og_site_name":"Fahrettin Y\u0131lmaz","article_published_time":"2023-12-16T20:55:02+00:00","article_modified_time":"2023-12-17T19:30:59+00:00","og_image":[{"width":626,"height":430,"url":"https:\/\/www.fahrettinyilmaz.com\/wp-content\/uploads\/2023\/12\/01.webp","type":"image\/webp"}],"author":"admin","twitter_card":"summary_large_image","twitter_misc":{"Verfasst von":"admin","Gesch\u00e4tzte Lesezeit":"1\u00a0Minute"},"schema":{"@context":"https:\/\/schema.org","@graph":[{"@type":"Article","@id":"https:\/\/www.fahrettinyilmaz.com\/de\/kopf-hals\/tyroglossal-ductus-zyste\/#article","isPartOf":{"@id":"https:\/\/www.fahrettinyilmaz.com\/de\/kopf-hals\/tyroglossal-ductus-zyste\/"},"author":{"name":"admin","@id":"https:\/\/www.fahrettinyilmaz.com\/de\/#\/schema\/person\/102f2879590341de9b53c218fd4fd0bd"},"headline":"TYROGLOSSAL DUCTUS ZYSTE","datePublished":"2023-12-16T20:55:02+00:00","dateModified":"2023-12-17T19:30:59+00:00","mainEntityOfPage":{"@id":"https:\/\/www.fahrettinyilmaz.com\/de\/kopf-hals\/tyroglossal-ductus-zyste\/"},"wordCount":176,"image":{"@id":"https:\/\/www.fahrettinyilmaz.com\/de\/kopf-hals\/tyroglossal-ductus-zyste\/#primaryimage"},"thumbnailUrl":"https:\/\/www.fahrettinyilmaz.com\/wp-content\/uploads\/2023\/12\/01.webp","articleSection":["Kopf Hals"],"inLanguage":"de"},{"@type":"WebPage","@id":"https:\/\/www.fahrettinyilmaz.com\/de\/kopf-hals\/tyroglossal-ductus-zyste\/","url":"https:\/\/www.fahrettinyilmaz.com\/de\/kopf-hals\/tyroglossal-ductus-zyste\/","name":"TYROGLOSSAL DUCTUS ZYSTE - Fahrettin Y\u0131lmaz","isPartOf":{"@id":"https:\/\/www.fahrettinyilmaz.com\/de\/#website"},"primaryImageOfPage":{"@id":"https:\/\/www.fahrettinyilmaz.com\/de\/kopf-hals\/tyroglossal-ductus-zyste\/#primaryimage"},"image":{"@id":"https:\/\/www.fahrettinyilmaz.com\/de\/kopf-hals\/tyroglossal-ductus-zyste\/#primaryimage"},"thumbnailUrl":"https:\/\/www.fahrettinyilmaz.com\/wp-content\/uploads\/2023\/12\/01.webp","datePublished":"2023-12-16T20:55:02+00:00","dateModified":"2023-12-17T19:30:59+00:00","author":{"@id":"https:\/\/www.fahrettinyilmaz.com\/de\/#\/schema\/person\/102f2879590341de9b53c218fd4fd0bd"},"breadcrumb":{"@id":"https:\/\/www.fahrettinyilmaz.com\/de\/kopf-hals\/tyroglossal-ductus-zyste\/#breadcrumb"},"inLanguage":"de","potentialAction":[{"@type":"ReadAction","target":["https:\/\/www.fahrettinyilmaz.com\/de\/kopf-hals\/tyroglossal-ductus-zyste\/"]}]},{"@type":"ImageObject","inLanguage":"de","@id":"https:\/\/www.fahrettinyilmaz.com\/de\/kopf-hals\/tyroglossal-ductus-zyste\/#primaryimage","url":"https:\/\/www.fahrettinyilmaz.com\/wp-content\/uploads\/2023\/12\/01.webp","contentUrl":"https:\/\/www.fahrettinyilmaz.com\/wp-content\/uploads\/2023\/12\/01.webp","width":626,"height":430},{"@type":"BreadcrumbList","@id":"https:\/\/www.fahrettinyilmaz.com\/de\/kopf-hals\/tyroglossal-ductus-zyste\/#breadcrumb","itemListElement":[{"@type":"ListItem","position":1,"name":"Anasayfa","item":"https:\/\/www.fahrettinyilmaz.com\/de\/"},{"@type":"ListItem","position":2,"name":"TYROGLOSSAL DUCTUS ZYSTE"}]},{"@type":"WebSite","@id":"https:\/\/www.fahrettinyilmaz.com\/de\/#website","url":"https:\/\/www.fahrettinyilmaz.com\/de\/","name":"Fahrettin Y\u0131lmaz","description":"","potentialAction":[{"@type":"SearchAction","target":{"@type":"EntryPoint","urlTemplate":"https:\/\/www.fahrettinyilmaz.com\/de\/?s={search_term_string}"},"query-input":{"@type":"PropertyValueSpecification","valueRequired":true,"valueName":"search_term_string"}}],"inLanguage":"de"},{"@type":"Person","@id":"https:\/\/www.fahrettinyilmaz.com\/de\/#\/schema\/person\/102f2879590341de9b53c218fd4fd0bd","name":"admin","image":{"@type":"ImageObject","inLanguage":"de","@id":"https:\/\/secure.gravatar.com\/avatar\/8c941f42851381b5a1e28771a8d89d3d7313e95cb0c39176fd15322d45d656a9?s=96&d=mm&r=g","url":"https:\/\/secure.gravatar.com\/avatar\/8c941f42851381b5a1e28771a8d89d3d7313e95cb0c39176fd15322d45d656a9?s=96&d=mm&r=g","contentUrl":"https:\/\/secure.gravatar.com\/avatar\/8c941f42851381b5a1e28771a8d89d3d7313e95cb0c39176fd15322d45d656a9?s=96&d=mm&r=g","caption":"admin"},"sameAs":["https:\/\/www.fahr18dsaw.online"]}]}},"_links":{"self":[{"href":"https:\/\/www.fahrettinyilmaz.com\/de\/wp-json\/wp\/v2\/posts\/813","targetHints":{"allow":["GET"]}}],"collection":[{"href":"https:\/\/www.fahrettinyilmaz.com\/de\/wp-json\/wp\/v2\/posts"}],"about":[{"href":"https:\/\/www.fahrettinyilmaz.com\/de\/wp-json\/wp\/v2\/types\/post"}],"author":[{"embeddable":true,"href":"https:\/\/www.fahrettinyilmaz.com\/de\/wp-json\/wp\/v2\/users\/1"}],"replies":[{"embeddable":true,"href":"https:\/\/www.fahrettinyilmaz.com\/de\/wp-json\/wp\/v2\/comments?post=813"}],"version-history":[{"count":0,"href":"https:\/\/www.fahrettinyilmaz.com\/de\/wp-json\/wp\/v2\/posts\/813\/revisions"}],"wp:featuredmedia":[{"embeddable":true,"href":"https:\/\/www.fahrettinyilmaz.com\/de\/wp-json\/wp\/v2\/media\/556"}],"wp:attachment":[{"href":"https:\/\/www.fahrettinyilmaz.com\/de\/wp-json\/wp\/v2\/media?parent=813"}],"wp:term":[{"taxonomy":"category","embeddable":true,"href":"https:\/\/www.fahrettinyilmaz.com\/de\/wp-json\/wp\/v2\/categories?post=813"},{"taxonomy":"post_tag","embeddable":true,"href":"https:\/\/www.fahrettinyilmaz.com\/de\/wp-json\/wp\/v2\/tags?post=813"}],"curies":[{"name":"wp","href":"https:\/\/api.w.org\/{rel}","templated":true}]}}