{"id":789,"date":"2023-12-16T23:58:20","date_gmt":"2023-12-16T20:58:20","guid":{"rendered":"https:\/\/www.fahr18dsaw.online\/?p=789"},"modified":"2023-12-17T22:26:43","modified_gmt":"2023-12-17T19:26:43","slug":"lymphangiom-zystisches-hygrom","status":"publish","type":"post","link":"https:\/\/www.fahrettinyilmaz.com\/de\/kopf-hals\/lymphangiom-zystisches-hygrom\/","title":{"rendered":"LYMPHANGIOM (ZYSTISCHES HYGROM)"},"content":{"rendered":"\n\n\n<p>Es handelt sich um eine angeborene Anomalie des Lymphsystems. Es ist die Vergr\u00f6\u00dferung dieser Kan\u00e4le als Folge der St\u00f6rung in den Lymphkan\u00e4len. 60-70% sind bei der Geburt vorhanden, 90% erscheinen im Alter von 2-3 Jahren. Es wird am h\u00e4ufigsten im Kopf-Hals-Bereich gesehen.<\/p>\n\n\n\n<p>Es gibt drei Arten von Lymphangiomen. Als Lymphangiom simplex und kavern\u00f6ses Lymphangiom bezeichnet man die Formen an Lippen, Zunge, Zungenwurzel und Wange, die dritte Form, das zystische Hygrom, ist fast immer am Hals zu sehen und kann sich bis zur Sch\u00e4delbasis und zum Thorax erstrecken. Zystisches Hygrom tritt am h\u00e4ufigsten im hinteren Halsdreieck auf. Diejenigen, die bei der Geburt erscheinen, sind gr\u00f6\u00dfer, diejenigen, die nach dem Alter von 3 Jahren erscheinen, wachsen nicht viel.<\/p>\n\n\n\n<p>Zystisches Hygrom erscheint als schmerzlose, weiche, past\u00f6se Masse im Nacken. Abgesehen von kosmetischen Missbildungen gibt es normalerweise keine Symptome. Blutungen in die Zyste k\u00f6nnen zu einer pl\u00f6tzlichen Vergr\u00f6\u00dferung der L\u00e4sion f\u00fchren. Die Diagnose wird durch klinische Befunde, Ultraschall und Computertomographie gestellt.<\/p>\n\n\n\n<p>Da sich das zystische Hygrom nicht spontan zur\u00fcckbildet, muss es operativ entfernt werden.<\/p>\n","protected":false},"excerpt":{"rendered":"<p>Es handelt sich um eine angeborene Anomalie des Lymphsystems. Es ist die Vergr\u00f6\u00dferung dieser Kan\u00e4le als Folge der St\u00f6rung in den Lymphkan\u00e4len. 60-70% sind bei der Geburt vorhanden, 90% erscheinen im Alter von 2-3 Jahren. Es wird am h\u00e4ufigsten im Kopf-Hals-Bereich gesehen. Es gibt drei Arten von Lymphangiomen. Als Lymphangiom simplex und kavern\u00f6ses Lymphangiom bezeichnet [&#8230;]\n","protected":false},"author":1,"featured_media":568,"comment_status":"closed","ping_status":"closed","sticky":false,"template":"","format":"standard","meta":{"inline_featured_image":false,"footnotes":""},"categories":[36],"tags":[],"class_list":["post-789","post","type-post","status-publish","format-standard","has-post-thumbnail","hentry","category-kopf-hals"],"yoast_head":"<!-- This site is optimized with the Yoast SEO plugin v27.5 - https:\/\/yoast.com\/product\/yoast-seo-wordpress\/ -->\n<title>LYMPHANGIOM (ZYSTISCHES HYGROM) - Fahrettin Y\u0131lmaz<\/title>\n<meta name=\"robots\" content=\"index, follow, max-snippet:-1, max-image-preview:large, max-video-preview:-1\" \/>\n<link rel=\"canonical\" href=\"https:\/\/www.fahrettinyilmaz.com\/de\/kopf-hals\/lymphangiom-zystisches-hygrom\/\" \/>\n<meta property=\"og:locale\" content=\"de_DE\" \/>\n<meta property=\"og:type\" content=\"article\" \/>\n<meta property=\"og:title\" content=\"LYMPHANGIOM (ZYSTISCHES HYGROM) - Fahrettin Y\u0131lmaz\" \/>\n<meta property=\"og:description\" content=\"Es handelt sich um eine angeborene Anomalie des Lymphsystems. Es ist die Vergr\u00f6\u00dferung dieser Kan\u00e4le als Folge der St\u00f6rung in den Lymphkan\u00e4len. 60-70% sind bei der Geburt vorhanden, 90% erscheinen im Alter von 2-3 Jahren. Es wird am h\u00e4ufigsten im Kopf-Hals-Bereich gesehen. Es gibt drei Arten von Lymphangiomen. Als Lymphangiom simplex und kavern\u00f6ses Lymphangiom bezeichnet [...]\" \/>\n<meta property=\"og:url\" content=\"https:\/\/www.fahrettinyilmaz.com\/de\/kopf-hals\/lymphangiom-zystisches-hygrom\/\" \/>\n<meta property=\"og:site_name\" content=\"Fahrettin Y\u0131lmaz\" \/>\n<meta property=\"article:published_time\" content=\"2023-12-16T20:58:20+00:00\" \/>\n<meta property=\"article:modified_time\" content=\"2023-12-17T19:26:43+00:00\" \/>\n<meta property=\"og:image\" content=\"https:\/\/www.fahrettinyilmaz.com\/wp-content\/uploads\/2023\/12\/04.webp\" \/>\n\t<meta property=\"og:image:width\" content=\"626\" \/>\n\t<meta property=\"og:image:height\" content=\"430\" \/>\n\t<meta property=\"og:image:type\" content=\"image\/webp\" \/>\n<meta name=\"author\" content=\"admin\" \/>\n<meta name=\"twitter:card\" content=\"summary_large_image\" \/>\n<meta name=\"twitter:label1\" content=\"Verfasst von\" \/>\n\t<meta name=\"twitter:data1\" content=\"admin\" \/>\n\t<meta name=\"twitter:label2\" content=\"Gesch\u00e4tzte Lesezeit\" \/>\n\t<meta name=\"twitter:data2\" content=\"1\u00a0Minute\" \/>\n<script type=\"application\/ld+json\" class=\"yoast-schema-graph\">{\"@context\":\"https:\\\/\\\/schema.org\",\"@graph\":[{\"@type\":\"Article\",\"@id\":\"https:\\\/\\\/www.fahrettinyilmaz.com\\\/de\\\/kopf-hals\\\/lymphangiom-zystisches-hygrom\\\/#article\",\"isPartOf\":{\"@id\":\"https:\\\/\\\/www.fahrettinyilmaz.com\\\/de\\\/kopf-hals\\\/lymphangiom-zystisches-hygrom\\\/\"},\"author\":{\"name\":\"admin\",\"@id\":\"https:\\\/\\\/www.fahrettinyilmaz.com\\\/de\\\/#\\\/schema\\\/person\\\/102f2879590341de9b53c218fd4fd0bd\"},\"headline\":\"LYMPHANGIOM (ZYSTISCHES HYGROM)\",\"datePublished\":\"2023-12-16T20:58:20+00:00\",\"dateModified\":\"2023-12-17T19:26:43+00:00\",\"mainEntityOfPage\":{\"@id\":\"https:\\\/\\\/www.fahrettinyilmaz.com\\\/de\\\/kopf-hals\\\/lymphangiom-zystisches-hygrom\\\/\"},\"wordCount\":187,\"image\":{\"@id\":\"https:\\\/\\\/www.fahrettinyilmaz.com\\\/de\\\/kopf-hals\\\/lymphangiom-zystisches-hygrom\\\/#primaryimage\"},\"thumbnailUrl\":\"https:\\\/\\\/www.fahrettinyilmaz.com\\\/wp-content\\\/uploads\\\/2023\\\/12\\\/04.webp\",\"articleSection\":[\"Kopf Hals\"],\"inLanguage\":\"de\"},{\"@type\":\"WebPage\",\"@id\":\"https:\\\/\\\/www.fahrettinyilmaz.com\\\/de\\\/kopf-hals\\\/lymphangiom-zystisches-hygrom\\\/\",\"url\":\"https:\\\/\\\/www.fahrettinyilmaz.com\\\/de\\\/kopf-hals\\\/lymphangiom-zystisches-hygrom\\\/\",\"name\":\"LYMPHANGIOM (ZYSTISCHES HYGROM) - Fahrettin Y\u0131lmaz\",\"isPartOf\":{\"@id\":\"https:\\\/\\\/www.fahrettinyilmaz.com\\\/de\\\/#website\"},\"primaryImageOfPage\":{\"@id\":\"https:\\\/\\\/www.fahrettinyilmaz.com\\\/de\\\/kopf-hals\\\/lymphangiom-zystisches-hygrom\\\/#primaryimage\"},\"image\":{\"@id\":\"https:\\\/\\\/www.fahrettinyilmaz.com\\\/de\\\/kopf-hals\\\/lymphangiom-zystisches-hygrom\\\/#primaryimage\"},\"thumbnailUrl\":\"https:\\\/\\\/www.fahrettinyilmaz.com\\\/wp-content\\\/uploads\\\/2023\\\/12\\\/04.webp\",\"datePublished\":\"2023-12-16T20:58:20+00:00\",\"dateModified\":\"2023-12-17T19:26:43+00:00\",\"author\":{\"@id\":\"https:\\\/\\\/www.fahrettinyilmaz.com\\\/de\\\/#\\\/schema\\\/person\\\/102f2879590341de9b53c218fd4fd0bd\"},\"breadcrumb\":{\"@id\":\"https:\\\/\\\/www.fahrettinyilmaz.com\\\/de\\\/kopf-hals\\\/lymphangiom-zystisches-hygrom\\\/#breadcrumb\"},\"inLanguage\":\"de\",\"potentialAction\":[{\"@type\":\"ReadAction\",\"target\":[\"https:\\\/\\\/www.fahrettinyilmaz.com\\\/de\\\/kopf-hals\\\/lymphangiom-zystisches-hygrom\\\/\"]}]},{\"@type\":\"ImageObject\",\"inLanguage\":\"de\",\"@id\":\"https:\\\/\\\/www.fahrettinyilmaz.com\\\/de\\\/kopf-hals\\\/lymphangiom-zystisches-hygrom\\\/#primaryimage\",\"url\":\"https:\\\/\\\/www.fahrettinyilmaz.com\\\/wp-content\\\/uploads\\\/2023\\\/12\\\/04.webp\",\"contentUrl\":\"https:\\\/\\\/www.fahrettinyilmaz.com\\\/wp-content\\\/uploads\\\/2023\\\/12\\\/04.webp\",\"width\":626,\"height\":430},{\"@type\":\"BreadcrumbList\",\"@id\":\"https:\\\/\\\/www.fahrettinyilmaz.com\\\/de\\\/kopf-hals\\\/lymphangiom-zystisches-hygrom\\\/#breadcrumb\",\"itemListElement\":[{\"@type\":\"ListItem\",\"position\":1,\"name\":\"Anasayfa\",\"item\":\"https:\\\/\\\/www.fahrettinyilmaz.com\\\/de\\\/\"},{\"@type\":\"ListItem\",\"position\":2,\"name\":\"LYMPHANGIOM (ZYSTISCHES HYGROM)\"}]},{\"@type\":\"WebSite\",\"@id\":\"https:\\\/\\\/www.fahrettinyilmaz.com\\\/de\\\/#website\",\"url\":\"https:\\\/\\\/www.fahrettinyilmaz.com\\\/de\\\/\",\"name\":\"Fahrettin Y\u0131lmaz\",\"description\":\"\",\"potentialAction\":[{\"@type\":\"SearchAction\",\"target\":{\"@type\":\"EntryPoint\",\"urlTemplate\":\"https:\\\/\\\/www.fahrettinyilmaz.com\\\/de\\\/?s={search_term_string}\"},\"query-input\":{\"@type\":\"PropertyValueSpecification\",\"valueRequired\":true,\"valueName\":\"search_term_string\"}}],\"inLanguage\":\"de\"},{\"@type\":\"Person\",\"@id\":\"https:\\\/\\\/www.fahrettinyilmaz.com\\\/de\\\/#\\\/schema\\\/person\\\/102f2879590341de9b53c218fd4fd0bd\",\"name\":\"admin\",\"image\":{\"@type\":\"ImageObject\",\"inLanguage\":\"de\",\"@id\":\"https:\\\/\\\/secure.gravatar.com\\\/avatar\\\/8c941f42851381b5a1e28771a8d89d3d7313e95cb0c39176fd15322d45d656a9?s=96&d=mm&r=g\",\"url\":\"https:\\\/\\\/secure.gravatar.com\\\/avatar\\\/8c941f42851381b5a1e28771a8d89d3d7313e95cb0c39176fd15322d45d656a9?s=96&d=mm&r=g\",\"contentUrl\":\"https:\\\/\\\/secure.gravatar.com\\\/avatar\\\/8c941f42851381b5a1e28771a8d89d3d7313e95cb0c39176fd15322d45d656a9?s=96&d=mm&r=g\",\"caption\":\"admin\"},\"sameAs\":[\"https:\\\/\\\/www.fahr18dsaw.online\"]}]}<\/script>\n<!-- \/ Yoast SEO plugin. -->","yoast_head_json":{"title":"LYMPHANGIOM (ZYSTISCHES HYGROM) - Fahrettin Y\u0131lmaz","robots":{"index":"index","follow":"follow","max-snippet":"max-snippet:-1","max-image-preview":"max-image-preview:large","max-video-preview":"max-video-preview:-1"},"canonical":"https:\/\/www.fahrettinyilmaz.com\/de\/kopf-hals\/lymphangiom-zystisches-hygrom\/","og_locale":"de_DE","og_type":"article","og_title":"LYMPHANGIOM (ZYSTISCHES HYGROM) - Fahrettin Y\u0131lmaz","og_description":"Es handelt sich um eine angeborene Anomalie des Lymphsystems. Es ist die Vergr\u00f6\u00dferung dieser Kan\u00e4le als Folge der St\u00f6rung in den Lymphkan\u00e4len. 60-70% sind bei der Geburt vorhanden, 90% erscheinen im Alter von 2-3 Jahren. Es wird am h\u00e4ufigsten im Kopf-Hals-Bereich gesehen. Es gibt drei Arten von Lymphangiomen. Als Lymphangiom simplex und kavern\u00f6ses Lymphangiom bezeichnet [...]","og_url":"https:\/\/www.fahrettinyilmaz.com\/de\/kopf-hals\/lymphangiom-zystisches-hygrom\/","og_site_name":"Fahrettin Y\u0131lmaz","article_published_time":"2023-12-16T20:58:20+00:00","article_modified_time":"2023-12-17T19:26:43+00:00","og_image":[{"width":626,"height":430,"url":"https:\/\/www.fahrettinyilmaz.com\/wp-content\/uploads\/2023\/12\/04.webp","type":"image\/webp"}],"author":"admin","twitter_card":"summary_large_image","twitter_misc":{"Verfasst von":"admin","Gesch\u00e4tzte Lesezeit":"1\u00a0Minute"},"schema":{"@context":"https:\/\/schema.org","@graph":[{"@type":"Article","@id":"https:\/\/www.fahrettinyilmaz.com\/de\/kopf-hals\/lymphangiom-zystisches-hygrom\/#article","isPartOf":{"@id":"https:\/\/www.fahrettinyilmaz.com\/de\/kopf-hals\/lymphangiom-zystisches-hygrom\/"},"author":{"name":"admin","@id":"https:\/\/www.fahrettinyilmaz.com\/de\/#\/schema\/person\/102f2879590341de9b53c218fd4fd0bd"},"headline":"LYMPHANGIOM (ZYSTISCHES HYGROM)","datePublished":"2023-12-16T20:58:20+00:00","dateModified":"2023-12-17T19:26:43+00:00","mainEntityOfPage":{"@id":"https:\/\/www.fahrettinyilmaz.com\/de\/kopf-hals\/lymphangiom-zystisches-hygrom\/"},"wordCount":187,"image":{"@id":"https:\/\/www.fahrettinyilmaz.com\/de\/kopf-hals\/lymphangiom-zystisches-hygrom\/#primaryimage"},"thumbnailUrl":"https:\/\/www.fahrettinyilmaz.com\/wp-content\/uploads\/2023\/12\/04.webp","articleSection":["Kopf Hals"],"inLanguage":"de"},{"@type":"WebPage","@id":"https:\/\/www.fahrettinyilmaz.com\/de\/kopf-hals\/lymphangiom-zystisches-hygrom\/","url":"https:\/\/www.fahrettinyilmaz.com\/de\/kopf-hals\/lymphangiom-zystisches-hygrom\/","name":"LYMPHANGIOM (ZYSTISCHES HYGROM) - Fahrettin Y\u0131lmaz","isPartOf":{"@id":"https:\/\/www.fahrettinyilmaz.com\/de\/#website"},"primaryImageOfPage":{"@id":"https:\/\/www.fahrettinyilmaz.com\/de\/kopf-hals\/lymphangiom-zystisches-hygrom\/#primaryimage"},"image":{"@id":"https:\/\/www.fahrettinyilmaz.com\/de\/kopf-hals\/lymphangiom-zystisches-hygrom\/#primaryimage"},"thumbnailUrl":"https:\/\/www.fahrettinyilmaz.com\/wp-content\/uploads\/2023\/12\/04.webp","datePublished":"2023-12-16T20:58:20+00:00","dateModified":"2023-12-17T19:26:43+00:00","author":{"@id":"https:\/\/www.fahrettinyilmaz.com\/de\/#\/schema\/person\/102f2879590341de9b53c218fd4fd0bd"},"breadcrumb":{"@id":"https:\/\/www.fahrettinyilmaz.com\/de\/kopf-hals\/lymphangiom-zystisches-hygrom\/#breadcrumb"},"inLanguage":"de","potentialAction":[{"@type":"ReadAction","target":["https:\/\/www.fahrettinyilmaz.com\/de\/kopf-hals\/lymphangiom-zystisches-hygrom\/"]}]},{"@type":"ImageObject","inLanguage":"de","@id":"https:\/\/www.fahrettinyilmaz.com\/de\/kopf-hals\/lymphangiom-zystisches-hygrom\/#primaryimage","url":"https:\/\/www.fahrettinyilmaz.com\/wp-content\/uploads\/2023\/12\/04.webp","contentUrl":"https:\/\/www.fahrettinyilmaz.com\/wp-content\/uploads\/2023\/12\/04.webp","width":626,"height":430},{"@type":"BreadcrumbList","@id":"https:\/\/www.fahrettinyilmaz.com\/de\/kopf-hals\/lymphangiom-zystisches-hygrom\/#breadcrumb","itemListElement":[{"@type":"ListItem","position":1,"name":"Anasayfa","item":"https:\/\/www.fahrettinyilmaz.com\/de\/"},{"@type":"ListItem","position":2,"name":"LYMPHANGIOM (ZYSTISCHES HYGROM)"}]},{"@type":"WebSite","@id":"https:\/\/www.fahrettinyilmaz.com\/de\/#website","url":"https:\/\/www.fahrettinyilmaz.com\/de\/","name":"Fahrettin Y\u0131lmaz","description":"","potentialAction":[{"@type":"SearchAction","target":{"@type":"EntryPoint","urlTemplate":"https:\/\/www.fahrettinyilmaz.com\/de\/?s={search_term_string}"},"query-input":{"@type":"PropertyValueSpecification","valueRequired":true,"valueName":"search_term_string"}}],"inLanguage":"de"},{"@type":"Person","@id":"https:\/\/www.fahrettinyilmaz.com\/de\/#\/schema\/person\/102f2879590341de9b53c218fd4fd0bd","name":"admin","image":{"@type":"ImageObject","inLanguage":"de","@id":"https:\/\/secure.gravatar.com\/avatar\/8c941f42851381b5a1e28771a8d89d3d7313e95cb0c39176fd15322d45d656a9?s=96&d=mm&r=g","url":"https:\/\/secure.gravatar.com\/avatar\/8c941f42851381b5a1e28771a8d89d3d7313e95cb0c39176fd15322d45d656a9?s=96&d=mm&r=g","contentUrl":"https:\/\/secure.gravatar.com\/avatar\/8c941f42851381b5a1e28771a8d89d3d7313e95cb0c39176fd15322d45d656a9?s=96&d=mm&r=g","caption":"admin"},"sameAs":["https:\/\/www.fahr18dsaw.online"]}]}},"_links":{"self":[{"href":"https:\/\/www.fahrettinyilmaz.com\/de\/wp-json\/wp\/v2\/posts\/789","targetHints":{"allow":["GET"]}}],"collection":[{"href":"https:\/\/www.fahrettinyilmaz.com\/de\/wp-json\/wp\/v2\/posts"}],"about":[{"href":"https:\/\/www.fahrettinyilmaz.com\/de\/wp-json\/wp\/v2\/types\/post"}],"author":[{"embeddable":true,"href":"https:\/\/www.fahrettinyilmaz.com\/de\/wp-json\/wp\/v2\/users\/1"}],"replies":[{"embeddable":true,"href":"https:\/\/www.fahrettinyilmaz.com\/de\/wp-json\/wp\/v2\/comments?post=789"}],"version-history":[{"count":0,"href":"https:\/\/www.fahrettinyilmaz.com\/de\/wp-json\/wp\/v2\/posts\/789\/revisions"}],"wp:featuredmedia":[{"embeddable":true,"href":"https:\/\/www.fahrettinyilmaz.com\/de\/wp-json\/wp\/v2\/media\/568"}],"wp:attachment":[{"href":"https:\/\/www.fahrettinyilmaz.com\/de\/wp-json\/wp\/v2\/media?parent=789"}],"wp:term":[{"taxonomy":"category","embeddable":true,"href":"https:\/\/www.fahrettinyilmaz.com\/de\/wp-json\/wp\/v2\/categories?post=789"},{"taxonomy":"post_tag","embeddable":true,"href":"https:\/\/www.fahrettinyilmaz.com\/de\/wp-json\/wp\/v2\/tags?post=789"}],"curies":[{"name":"wp","href":"https:\/\/api.w.org\/{rel}","templated":true}]}}