{"id":781,"date":"2023-12-16T23:59:28","date_gmt":"2023-12-16T20:59:28","guid":{"rendered":"https:\/\/www.fahr18dsaw.online\/?p=781"},"modified":"2023-12-17T22:17:23","modified_gmt":"2023-12-17T19:17:23","slug":"kopf-und-halskrebs","status":"publish","type":"post","link":"https:\/\/www.fahrettinyilmaz.com\/de\/kopf-hals\/kopf-und-halskrebs\/","title":{"rendered":"KOPF- UND HALSKREBS"},"content":{"rendered":"\n\n\n<p>Kopf-Hals-Tumoren bilden ein sehr breites Spektrum;<\/p>\n\n\n\n<p>Krebserkrankungen der Lippen, der Zunge, der Mandeln, des Gaumens und des Mundbodens, die wir als Mundh\u00f6hle bezeichnen,<br>Krebserkrankungen, die von der Innenseite der Nase und der Nasenhaut ausgehen,<br>Nasennebenh\u00f6hlenkrebs, der sich aus den luftgef\u00fcllten R\u00e4umen entwickelt, die wir Nebenh\u00f6hlen in den Gesichtsknochen nennen,<br>Kehlkopfkrebs (Nasopharyngeal- und Oropharynxkarzinom)<br>Krebserkrankungen im ersten Teil der Speiser\u00f6hre (Hypopharynxkarzinome)<br>Kehlkopfkrebs (Kehlkopfkrebs),<br>Ohrenkrebs,<br>Speicheldr\u00fcsenkrebs,<br>Schilddr\u00fcsenkrebs,<br>In diesen Anwendungsbereich fallen Halskrebs.<\/p>\n\n\n\n<p>Kopf-Hals-Tumoren treten h\u00e4ufiger bei M\u00e4nnern \u00fcber 50 Jahren auf. Es geh\u00f6rt zu den Krebsarten, die bei fr\u00fchzeitiger Erkennung behandelt werden k\u00f6nnen.<\/p>\n\n\n\n<p>Gr\u00fcnde daf\u00fcr:<\/p>\n\n\n\n<p>Rauchen und Alkoholkonsum, schlechte Ern\u00e4hrung, schlechte Mundhygiene, einige Viren, insbesondere das Humane Papillomavirus (HPV), langfristige Sonneneinstrahlung und einige Chemikalien sind die Hauptursachen f\u00fcr Kopf- und Halskrebs.<\/p>\n\n\n\n<p>Symptome:<\/p>\n\n\n\n<p>Schwellungen in allen Teilen des Kopfes und Halses, nicht heilende Wunden in Mund, Zunge oder Lippen, Taubheitsgef\u00fchl im Mund, Schwierigkeiten beim Kauen und Schlucken, Heiserkeit oder Stimmver\u00e4nderung, Atembeschwerden, verstopfte Nase oder Nasenbluten, Schwellungen um den Augen oder Doppelbilder, Ohrenschmerzen, Tinnitus, H\u00f6rverlust und Nackenschwellung.<\/p>\n\n\n\n<p>Diagnose:<\/p>\n\n\n\n<p>Zur endg\u00fcltigen Diagnose wird eine ausf\u00fchrliche hals- und zahn\u00e4rztliche Untersuchung, radiologische Untersuchungen (Ultrasonographie, Computertomographie, Magnetresonanztomographie, Positronen-Emissions-Tomographie), ein Teil der pathologischen Untersuchungsfl\u00e4che entnommen.<\/p>\n\n\n\n<p>Behandlung:<\/p>\n\n\n\n<p>Die Behandlung von Kopf-Hals-Tumoren erfordert in der Regel multidisziplin\u00e4re Arbeit. Zusammenarbeit mit HNO-Arzt, Strahlenonkologe, medizinischer Onkologe, Radiologe, wenn m\u00f6glich, Psychologe. In F\u00e4llen, in denen eine Rekonstruktion erforderlich ist, sollten auch ein plastischer Kieferchirurg und ein plastischer Chirurg anwesend sein.<\/p>\n\n\n\n<p>Chirurgische Behandlungen sind bei Kopf-Hals-Tumoren die erste Wahl. Aber auch bei vielen Kopf-Hals-Tumoren ist die Strahlentherapie (Strahlentherapie) eine sehr wirksame Option. Die Rolle der Strahlentherapie nimmt von Tag zu Tag zu, insbesondere bei der Behandlung von Larynxkarzinomen im Fr\u00fchstadium und Nasopharynxkarzinomen.<\/p>\n\n\n\n<p>W\u00e4hrend bei Kopf-Hals-Tumoren manchmal eine einzige Behandlungsmethode (chirurgische Behandlung, Strahlentherapie oder medikament\u00f6se Behandlung) ausreicht, werden diese Behandlungsoptionen manchmal zusammen angewendet.<\/p>\n\n\n\n<p>Das Behandlungsprotokoll kann f\u00fcr jeden Patienten unterschiedlich sein. Das Stadium des Krebses, die Art des Krebses, das Alter des Patienten, der Beruf des Patienten und der sozio\u00f6konomische Status des Patienten sind f\u00fcr die Festlegung des Behandlungsprotokolls wichtig.<\/p>\n","protected":false},"excerpt":{"rendered":"<p>Kopf-Hals-Tumoren bilden ein sehr breites Spektrum; Krebserkrankungen der Lippen, der Zunge, der Mandeln, des Gaumens und des Mundbodens, die wir als Mundh\u00f6hle bezeichnen,Krebserkrankungen, die von der Innenseite der Nase und der Nasenhaut ausgehen,Nasennebenh\u00f6hlenkrebs, der sich aus den luftgef\u00fcllten R\u00e4umen entwickelt, die wir Nebenh\u00f6hlen in den Gesichtsknochen nennen,Kehlkopfkrebs (Nasopharyngeal- und Oropharynxkarzinom)Krebserkrankungen im ersten Teil der Speiser\u00f6hre [&#8230;]\n","protected":false},"author":1,"featured_media":572,"comment_status":"closed","ping_status":"closed","sticky":false,"template":"","format":"standard","meta":{"inline_featured_image":false,"footnotes":""},"categories":[36],"tags":[],"class_list":["post-781","post","type-post","status-publish","format-standard","has-post-thumbnail","hentry","category-kopf-hals"],"yoast_head":"<!-- This site is optimized with the Yoast SEO plugin v27.5 - https:\/\/yoast.com\/product\/yoast-seo-wordpress\/ -->\n<title>KOPF- UND HALSKREBS - Fahrettin Y\u0131lmaz<\/title>\n<meta name=\"robots\" content=\"index, follow, max-snippet:-1, max-image-preview:large, max-video-preview:-1\" \/>\n<link rel=\"canonical\" href=\"https:\/\/www.fahrettinyilmaz.com\/de\/kopf-hals\/kopf-und-halskrebs\/\" \/>\n<meta property=\"og:locale\" content=\"de_DE\" \/>\n<meta property=\"og:type\" content=\"article\" \/>\n<meta property=\"og:title\" content=\"KOPF- UND HALSKREBS - Fahrettin Y\u0131lmaz\" \/>\n<meta property=\"og:description\" content=\"Kopf-Hals-Tumoren bilden ein sehr breites Spektrum; Krebserkrankungen der Lippen, der Zunge, der Mandeln, des Gaumens und des Mundbodens, die wir als Mundh\u00f6hle bezeichnen,Krebserkrankungen, die von der Innenseite der Nase und der Nasenhaut ausgehen,Nasennebenh\u00f6hlenkrebs, der sich aus den luftgef\u00fcllten R\u00e4umen entwickelt, die wir Nebenh\u00f6hlen in den Gesichtsknochen nennen,Kehlkopfkrebs (Nasopharyngeal- und Oropharynxkarzinom)Krebserkrankungen im ersten Teil der Speiser\u00f6hre [...]\" \/>\n<meta property=\"og:url\" content=\"https:\/\/www.fahrettinyilmaz.com\/de\/kopf-hals\/kopf-und-halskrebs\/\" \/>\n<meta property=\"og:site_name\" content=\"Fahrettin Y\u0131lmaz\" \/>\n<meta property=\"article:published_time\" content=\"2023-12-16T20:59:28+00:00\" \/>\n<meta property=\"article:modified_time\" content=\"2023-12-17T19:17:23+00:00\" \/>\n<meta property=\"og:image\" content=\"https:\/\/www.fahrettinyilmaz.com\/wp-content\/uploads\/2023\/12\/05.webp\" \/>\n\t<meta property=\"og:image:width\" content=\"626\" \/>\n\t<meta property=\"og:image:height\" content=\"430\" \/>\n\t<meta property=\"og:image:type\" content=\"image\/webp\" \/>\n<meta name=\"author\" content=\"admin\" \/>\n<meta name=\"twitter:card\" content=\"summary_large_image\" \/>\n<meta name=\"twitter:label1\" content=\"Verfasst von\" \/>\n\t<meta name=\"twitter:data1\" content=\"admin\" \/>\n\t<meta name=\"twitter:label2\" content=\"Gesch\u00e4tzte Lesezeit\" \/>\n\t<meta name=\"twitter:data2\" content=\"2\u00a0Minuten\" \/>\n<script type=\"application\/ld+json\" class=\"yoast-schema-graph\">{\"@context\":\"https:\\\/\\\/schema.org\",\"@graph\":[{\"@type\":\"Article\",\"@id\":\"https:\\\/\\\/www.fahrettinyilmaz.com\\\/de\\\/kopf-hals\\\/kopf-und-halskrebs\\\/#article\",\"isPartOf\":{\"@id\":\"https:\\\/\\\/www.fahrettinyilmaz.com\\\/de\\\/kopf-hals\\\/kopf-und-halskrebs\\\/\"},\"author\":{\"name\":\"admin\",\"@id\":\"https:\\\/\\\/www.fahrettinyilmaz.com\\\/de\\\/#\\\/schema\\\/person\\\/102f2879590341de9b53c218fd4fd0bd\"},\"headline\":\"KOPF- UND HALSKREBS\",\"datePublished\":\"2023-12-16T20:59:28+00:00\",\"dateModified\":\"2023-12-17T19:17:23+00:00\",\"mainEntityOfPage\":{\"@id\":\"https:\\\/\\\/www.fahrettinyilmaz.com\\\/de\\\/kopf-hals\\\/kopf-und-halskrebs\\\/\"},\"wordCount\":359,\"image\":{\"@id\":\"https:\\\/\\\/www.fahrettinyilmaz.com\\\/de\\\/kopf-hals\\\/kopf-und-halskrebs\\\/#primaryimage\"},\"thumbnailUrl\":\"https:\\\/\\\/www.fahrettinyilmaz.com\\\/wp-content\\\/uploads\\\/2023\\\/12\\\/05.webp\",\"articleSection\":[\"Kopf Hals\"],\"inLanguage\":\"de\"},{\"@type\":\"WebPage\",\"@id\":\"https:\\\/\\\/www.fahrettinyilmaz.com\\\/de\\\/kopf-hals\\\/kopf-und-halskrebs\\\/\",\"url\":\"https:\\\/\\\/www.fahrettinyilmaz.com\\\/de\\\/kopf-hals\\\/kopf-und-halskrebs\\\/\",\"name\":\"KOPF- UND HALSKREBS - Fahrettin Y\u0131lmaz\",\"isPartOf\":{\"@id\":\"https:\\\/\\\/www.fahrettinyilmaz.com\\\/de\\\/#website\"},\"primaryImageOfPage\":{\"@id\":\"https:\\\/\\\/www.fahrettinyilmaz.com\\\/de\\\/kopf-hals\\\/kopf-und-halskrebs\\\/#primaryimage\"},\"image\":{\"@id\":\"https:\\\/\\\/www.fahrettinyilmaz.com\\\/de\\\/kopf-hals\\\/kopf-und-halskrebs\\\/#primaryimage\"},\"thumbnailUrl\":\"https:\\\/\\\/www.fahrettinyilmaz.com\\\/wp-content\\\/uploads\\\/2023\\\/12\\\/05.webp\",\"datePublished\":\"2023-12-16T20:59:28+00:00\",\"dateModified\":\"2023-12-17T19:17:23+00:00\",\"author\":{\"@id\":\"https:\\\/\\\/www.fahrettinyilmaz.com\\\/de\\\/#\\\/schema\\\/person\\\/102f2879590341de9b53c218fd4fd0bd\"},\"breadcrumb\":{\"@id\":\"https:\\\/\\\/www.fahrettinyilmaz.com\\\/de\\\/kopf-hals\\\/kopf-und-halskrebs\\\/#breadcrumb\"},\"inLanguage\":\"de\",\"potentialAction\":[{\"@type\":\"ReadAction\",\"target\":[\"https:\\\/\\\/www.fahrettinyilmaz.com\\\/de\\\/kopf-hals\\\/kopf-und-halskrebs\\\/\"]}]},{\"@type\":\"ImageObject\",\"inLanguage\":\"de\",\"@id\":\"https:\\\/\\\/www.fahrettinyilmaz.com\\\/de\\\/kopf-hals\\\/kopf-und-halskrebs\\\/#primaryimage\",\"url\":\"https:\\\/\\\/www.fahrettinyilmaz.com\\\/wp-content\\\/uploads\\\/2023\\\/12\\\/05.webp\",\"contentUrl\":\"https:\\\/\\\/www.fahrettinyilmaz.com\\\/wp-content\\\/uploads\\\/2023\\\/12\\\/05.webp\",\"width\":626,\"height\":430},{\"@type\":\"BreadcrumbList\",\"@id\":\"https:\\\/\\\/www.fahrettinyilmaz.com\\\/de\\\/kopf-hals\\\/kopf-und-halskrebs\\\/#breadcrumb\",\"itemListElement\":[{\"@type\":\"ListItem\",\"position\":1,\"name\":\"Anasayfa\",\"item\":\"https:\\\/\\\/www.fahrettinyilmaz.com\\\/de\\\/\"},{\"@type\":\"ListItem\",\"position\":2,\"name\":\"KOPF- UND HALSKREBS\"}]},{\"@type\":\"WebSite\",\"@id\":\"https:\\\/\\\/www.fahrettinyilmaz.com\\\/de\\\/#website\",\"url\":\"https:\\\/\\\/www.fahrettinyilmaz.com\\\/de\\\/\",\"name\":\"Fahrettin Y\u0131lmaz\",\"description\":\"\",\"potentialAction\":[{\"@type\":\"SearchAction\",\"target\":{\"@type\":\"EntryPoint\",\"urlTemplate\":\"https:\\\/\\\/www.fahrettinyilmaz.com\\\/de\\\/?s={search_term_string}\"},\"query-input\":{\"@type\":\"PropertyValueSpecification\",\"valueRequired\":true,\"valueName\":\"search_term_string\"}}],\"inLanguage\":\"de\"},{\"@type\":\"Person\",\"@id\":\"https:\\\/\\\/www.fahrettinyilmaz.com\\\/de\\\/#\\\/schema\\\/person\\\/102f2879590341de9b53c218fd4fd0bd\",\"name\":\"admin\",\"image\":{\"@type\":\"ImageObject\",\"inLanguage\":\"de\",\"@id\":\"https:\\\/\\\/secure.gravatar.com\\\/avatar\\\/8c941f42851381b5a1e28771a8d89d3d7313e95cb0c39176fd15322d45d656a9?s=96&d=mm&r=g\",\"url\":\"https:\\\/\\\/secure.gravatar.com\\\/avatar\\\/8c941f42851381b5a1e28771a8d89d3d7313e95cb0c39176fd15322d45d656a9?s=96&d=mm&r=g\",\"contentUrl\":\"https:\\\/\\\/secure.gravatar.com\\\/avatar\\\/8c941f42851381b5a1e28771a8d89d3d7313e95cb0c39176fd15322d45d656a9?s=96&d=mm&r=g\",\"caption\":\"admin\"},\"sameAs\":[\"https:\\\/\\\/www.fahr18dsaw.online\"]}]}<\/script>\n<!-- \/ Yoast SEO plugin. -->","yoast_head_json":{"title":"KOPF- UND HALSKREBS - Fahrettin Y\u0131lmaz","robots":{"index":"index","follow":"follow","max-snippet":"max-snippet:-1","max-image-preview":"max-image-preview:large","max-video-preview":"max-video-preview:-1"},"canonical":"https:\/\/www.fahrettinyilmaz.com\/de\/kopf-hals\/kopf-und-halskrebs\/","og_locale":"de_DE","og_type":"article","og_title":"KOPF- UND HALSKREBS - Fahrettin Y\u0131lmaz","og_description":"Kopf-Hals-Tumoren bilden ein sehr breites Spektrum; Krebserkrankungen der Lippen, der Zunge, der Mandeln, des Gaumens und des Mundbodens, die wir als Mundh\u00f6hle bezeichnen,Krebserkrankungen, die von der Innenseite der Nase und der Nasenhaut ausgehen,Nasennebenh\u00f6hlenkrebs, der sich aus den luftgef\u00fcllten R\u00e4umen entwickelt, die wir Nebenh\u00f6hlen in den Gesichtsknochen nennen,Kehlkopfkrebs (Nasopharyngeal- und Oropharynxkarzinom)Krebserkrankungen im ersten Teil der Speiser\u00f6hre [...]","og_url":"https:\/\/www.fahrettinyilmaz.com\/de\/kopf-hals\/kopf-und-halskrebs\/","og_site_name":"Fahrettin Y\u0131lmaz","article_published_time":"2023-12-16T20:59:28+00:00","article_modified_time":"2023-12-17T19:17:23+00:00","og_image":[{"width":626,"height":430,"url":"https:\/\/www.fahrettinyilmaz.com\/wp-content\/uploads\/2023\/12\/05.webp","type":"image\/webp"}],"author":"admin","twitter_card":"summary_large_image","twitter_misc":{"Verfasst von":"admin","Gesch\u00e4tzte Lesezeit":"2\u00a0Minuten"},"schema":{"@context":"https:\/\/schema.org","@graph":[{"@type":"Article","@id":"https:\/\/www.fahrettinyilmaz.com\/de\/kopf-hals\/kopf-und-halskrebs\/#article","isPartOf":{"@id":"https:\/\/www.fahrettinyilmaz.com\/de\/kopf-hals\/kopf-und-halskrebs\/"},"author":{"name":"admin","@id":"https:\/\/www.fahrettinyilmaz.com\/de\/#\/schema\/person\/102f2879590341de9b53c218fd4fd0bd"},"headline":"KOPF- UND HALSKREBS","datePublished":"2023-12-16T20:59:28+00:00","dateModified":"2023-12-17T19:17:23+00:00","mainEntityOfPage":{"@id":"https:\/\/www.fahrettinyilmaz.com\/de\/kopf-hals\/kopf-und-halskrebs\/"},"wordCount":359,"image":{"@id":"https:\/\/www.fahrettinyilmaz.com\/de\/kopf-hals\/kopf-und-halskrebs\/#primaryimage"},"thumbnailUrl":"https:\/\/www.fahrettinyilmaz.com\/wp-content\/uploads\/2023\/12\/05.webp","articleSection":["Kopf Hals"],"inLanguage":"de"},{"@type":"WebPage","@id":"https:\/\/www.fahrettinyilmaz.com\/de\/kopf-hals\/kopf-und-halskrebs\/","url":"https:\/\/www.fahrettinyilmaz.com\/de\/kopf-hals\/kopf-und-halskrebs\/","name":"KOPF- UND HALSKREBS - Fahrettin Y\u0131lmaz","isPartOf":{"@id":"https:\/\/www.fahrettinyilmaz.com\/de\/#website"},"primaryImageOfPage":{"@id":"https:\/\/www.fahrettinyilmaz.com\/de\/kopf-hals\/kopf-und-halskrebs\/#primaryimage"},"image":{"@id":"https:\/\/www.fahrettinyilmaz.com\/de\/kopf-hals\/kopf-und-halskrebs\/#primaryimage"},"thumbnailUrl":"https:\/\/www.fahrettinyilmaz.com\/wp-content\/uploads\/2023\/12\/05.webp","datePublished":"2023-12-16T20:59:28+00:00","dateModified":"2023-12-17T19:17:23+00:00","author":{"@id":"https:\/\/www.fahrettinyilmaz.com\/de\/#\/schema\/person\/102f2879590341de9b53c218fd4fd0bd"},"breadcrumb":{"@id":"https:\/\/www.fahrettinyilmaz.com\/de\/kopf-hals\/kopf-und-halskrebs\/#breadcrumb"},"inLanguage":"de","potentialAction":[{"@type":"ReadAction","target":["https:\/\/www.fahrettinyilmaz.com\/de\/kopf-hals\/kopf-und-halskrebs\/"]}]},{"@type":"ImageObject","inLanguage":"de","@id":"https:\/\/www.fahrettinyilmaz.com\/de\/kopf-hals\/kopf-und-halskrebs\/#primaryimage","url":"https:\/\/www.fahrettinyilmaz.com\/wp-content\/uploads\/2023\/12\/05.webp","contentUrl":"https:\/\/www.fahrettinyilmaz.com\/wp-content\/uploads\/2023\/12\/05.webp","width":626,"height":430},{"@type":"BreadcrumbList","@id":"https:\/\/www.fahrettinyilmaz.com\/de\/kopf-hals\/kopf-und-halskrebs\/#breadcrumb","itemListElement":[{"@type":"ListItem","position":1,"name":"Anasayfa","item":"https:\/\/www.fahrettinyilmaz.com\/de\/"},{"@type":"ListItem","position":2,"name":"KOPF- UND HALSKREBS"}]},{"@type":"WebSite","@id":"https:\/\/www.fahrettinyilmaz.com\/de\/#website","url":"https:\/\/www.fahrettinyilmaz.com\/de\/","name":"Fahrettin Y\u0131lmaz","description":"","potentialAction":[{"@type":"SearchAction","target":{"@type":"EntryPoint","urlTemplate":"https:\/\/www.fahrettinyilmaz.com\/de\/?s={search_term_string}"},"query-input":{"@type":"PropertyValueSpecification","valueRequired":true,"valueName":"search_term_string"}}],"inLanguage":"de"},{"@type":"Person","@id":"https:\/\/www.fahrettinyilmaz.com\/de\/#\/schema\/person\/102f2879590341de9b53c218fd4fd0bd","name":"admin","image":{"@type":"ImageObject","inLanguage":"de","@id":"https:\/\/secure.gravatar.com\/avatar\/8c941f42851381b5a1e28771a8d89d3d7313e95cb0c39176fd15322d45d656a9?s=96&d=mm&r=g","url":"https:\/\/secure.gravatar.com\/avatar\/8c941f42851381b5a1e28771a8d89d3d7313e95cb0c39176fd15322d45d656a9?s=96&d=mm&r=g","contentUrl":"https:\/\/secure.gravatar.com\/avatar\/8c941f42851381b5a1e28771a8d89d3d7313e95cb0c39176fd15322d45d656a9?s=96&d=mm&r=g","caption":"admin"},"sameAs":["https:\/\/www.fahr18dsaw.online"]}]}},"_links":{"self":[{"href":"https:\/\/www.fahrettinyilmaz.com\/de\/wp-json\/wp\/v2\/posts\/781","targetHints":{"allow":["GET"]}}],"collection":[{"href":"https:\/\/www.fahrettinyilmaz.com\/de\/wp-json\/wp\/v2\/posts"}],"about":[{"href":"https:\/\/www.fahrettinyilmaz.com\/de\/wp-json\/wp\/v2\/types\/post"}],"author":[{"embeddable":true,"href":"https:\/\/www.fahrettinyilmaz.com\/de\/wp-json\/wp\/v2\/users\/1"}],"replies":[{"embeddable":true,"href":"https:\/\/www.fahrettinyilmaz.com\/de\/wp-json\/wp\/v2\/comments?post=781"}],"version-history":[{"count":0,"href":"https:\/\/www.fahrettinyilmaz.com\/de\/wp-json\/wp\/v2\/posts\/781\/revisions"}],"wp:featuredmedia":[{"embeddable":true,"href":"https:\/\/www.fahrettinyilmaz.com\/de\/wp-json\/wp\/v2\/media\/572"}],"wp:attachment":[{"href":"https:\/\/www.fahrettinyilmaz.com\/de\/wp-json\/wp\/v2\/media?parent=781"}],"wp:term":[{"taxonomy":"category","embeddable":true,"href":"https:\/\/www.fahrettinyilmaz.com\/de\/wp-json\/wp\/v2\/categories?post=781"},{"taxonomy":"post_tag","embeddable":true,"href":"https:\/\/www.fahrettinyilmaz.com\/de\/wp-json\/wp\/v2\/tags?post=781"}],"curies":[{"name":"wp","href":"https:\/\/api.w.org\/{rel}","templated":true}]}}