{"id":733,"date":"2023-12-17T00:15:27","date_gmt":"2023-12-16T21:15:27","guid":{"rendered":"https:\/\/www.fahr18dsaw.online\/?p=733"},"modified":"2023-12-17T21:42:25","modified_gmt":"2023-12-17T18:42:25","slug":"krankheiten-der-saladeldruese","status":"publish","type":"post","link":"https:\/\/www.fahrettinyilmaz.com\/de\/kopf-hals\/krankheiten-der-saladeldruese\/","title":{"rendered":"KRANKHEITEN DER SALADELDR\u00dcSE"},"content":{"rendered":"\n\n\n<p>Die Hauptspeicheldr\u00fcsen unseres K\u00f6rpers befinden sich vor beiden Ohren, unter dem Kinn und unter der Zunge. Abgesehen davon gibt es Hunderte von kleinen Speicheldr\u00fcsen, die weit in der Mundschleimhaut liegen. Die Speicheldr\u00fcsen produzieren etwa 1-1,5 Liter Speichel pro Tag.<\/p>\n\n\n\n<p>Die bekanntesten Erkrankungen der Speicheldr\u00fcsen sind Speicheldr\u00fcsenentz\u00fcndungen, Speicheldr\u00fcsensteine \u200b\u200bund Tumore.<\/p>\n","protected":false},"excerpt":{"rendered":"<p>Die Hauptspeicheldr\u00fcsen unseres K\u00f6rpers befinden sich vor beiden Ohren, unter dem Kinn und unter der Zunge. Abgesehen davon gibt es Hunderte von kleinen Speicheldr\u00fcsen, die weit in der Mundschleimhaut liegen. Die Speicheldr\u00fcsen produzieren etwa 1-1,5 Liter Speichel pro Tag. Die bekanntesten Erkrankungen der Speicheldr\u00fcsen sind Speicheldr\u00fcsenentz\u00fcndungen, Speicheldr\u00fcsensteine \u200b\u200bund Tumore.<\/p>\n","protected":false},"author":1,"featured_media":596,"comment_status":"closed","ping_status":"closed","sticky":false,"template":"","format":"standard","meta":{"inline_featured_image":false,"footnotes":""},"categories":[36],"tags":[],"class_list":["post-733","post","type-post","status-publish","format-standard","has-post-thumbnail","hentry","category-kopf-hals"],"yoast_head":"<!-- This site is optimized with the Yoast SEO plugin v27.5 - https:\/\/yoast.com\/product\/yoast-seo-wordpress\/ -->\n<title>KRANKHEITEN DER SALADELDR\u00dcSE - Fahrettin Y\u0131lmaz<\/title>\n<meta name=\"robots\" content=\"index, follow, max-snippet:-1, max-image-preview:large, max-video-preview:-1\" \/>\n<link rel=\"canonical\" href=\"https:\/\/www.fahrettinyilmaz.com\/de\/kopf-hals\/krankheiten-der-saladeldruese\/\" \/>\n<meta property=\"og:locale\" content=\"de_DE\" \/>\n<meta property=\"og:type\" content=\"article\" \/>\n<meta property=\"og:title\" content=\"KRANKHEITEN DER SALADELDR\u00dcSE - Fahrettin Y\u0131lmaz\" \/>\n<meta property=\"og:description\" content=\"Die Hauptspeicheldr\u00fcsen unseres K\u00f6rpers befinden sich vor beiden Ohren, unter dem Kinn und unter der Zunge. Abgesehen davon gibt es Hunderte von kleinen Speicheldr\u00fcsen, die weit in der Mundschleimhaut liegen. Die Speicheldr\u00fcsen produzieren etwa 1-1,5 Liter Speichel pro Tag. Die bekanntesten Erkrankungen der Speicheldr\u00fcsen sind Speicheldr\u00fcsenentz\u00fcndungen, Speicheldr\u00fcsensteine \u200b\u200bund Tumore.\" \/>\n<meta property=\"og:url\" content=\"https:\/\/www.fahrettinyilmaz.com\/de\/kopf-hals\/krankheiten-der-saladeldruese\/\" \/>\n<meta property=\"og:site_name\" content=\"Fahrettin Y\u0131lmaz\" \/>\n<meta property=\"article:published_time\" content=\"2023-12-16T21:15:27+00:00\" \/>\n<meta property=\"article:modified_time\" content=\"2023-12-17T18:42:25+00:00\" \/>\n<meta property=\"og:image\" content=\"https:\/\/www.fahrettinyilmaz.com\/wp-content\/uploads\/2023\/12\/12-1.webp\" \/>\n\t<meta property=\"og:image:width\" content=\"739\" \/>\n\t<meta property=\"og:image:height\" content=\"416\" \/>\n\t<meta property=\"og:image:type\" content=\"image\/webp\" \/>\n<meta name=\"author\" content=\"admin\" \/>\n<meta name=\"twitter:card\" content=\"summary_large_image\" \/>\n<meta name=\"twitter:label1\" content=\"Verfasst von\" \/>\n\t<meta name=\"twitter:data1\" content=\"admin\" \/>\n<script type=\"application\/ld+json\" class=\"yoast-schema-graph\">{\"@context\":\"https:\\\/\\\/schema.org\",\"@graph\":[{\"@type\":\"Article\",\"@id\":\"https:\\\/\\\/www.fahrettinyilmaz.com\\\/de\\\/kopf-hals\\\/krankheiten-der-saladeldruese\\\/#article\",\"isPartOf\":{\"@id\":\"https:\\\/\\\/www.fahrettinyilmaz.com\\\/de\\\/kopf-hals\\\/krankheiten-der-saladeldruese\\\/\"},\"author\":{\"name\":\"admin\",\"@id\":\"https:\\\/\\\/www.fahrettinyilmaz.com\\\/de\\\/#\\\/schema\\\/person\\\/102f2879590341de9b53c218fd4fd0bd\"},\"headline\":\"KRANKHEITEN DER SALADELDR\u00dcSE\",\"datePublished\":\"2023-12-16T21:15:27+00:00\",\"dateModified\":\"2023-12-17T18:42:25+00:00\",\"mainEntityOfPage\":{\"@id\":\"https:\\\/\\\/www.fahrettinyilmaz.com\\\/de\\\/kopf-hals\\\/krankheiten-der-saladeldruese\\\/\"},\"wordCount\":61,\"image\":{\"@id\":\"https:\\\/\\\/www.fahrettinyilmaz.com\\\/de\\\/kopf-hals\\\/krankheiten-der-saladeldruese\\\/#primaryimage\"},\"thumbnailUrl\":\"https:\\\/\\\/www.fahrettinyilmaz.com\\\/wp-content\\\/uploads\\\/2023\\\/12\\\/12-1.webp\",\"articleSection\":[\"Kopf Hals\"],\"inLanguage\":\"de\"},{\"@type\":\"WebPage\",\"@id\":\"https:\\\/\\\/www.fahrettinyilmaz.com\\\/de\\\/kopf-hals\\\/krankheiten-der-saladeldruese\\\/\",\"url\":\"https:\\\/\\\/www.fahrettinyilmaz.com\\\/de\\\/kopf-hals\\\/krankheiten-der-saladeldruese\\\/\",\"name\":\"KRANKHEITEN DER SALADELDR\u00dcSE - Fahrettin Y\u0131lmaz\",\"isPartOf\":{\"@id\":\"https:\\\/\\\/www.fahrettinyilmaz.com\\\/de\\\/#website\"},\"primaryImageOfPage\":{\"@id\":\"https:\\\/\\\/www.fahrettinyilmaz.com\\\/de\\\/kopf-hals\\\/krankheiten-der-saladeldruese\\\/#primaryimage\"},\"image\":{\"@id\":\"https:\\\/\\\/www.fahrettinyilmaz.com\\\/de\\\/kopf-hals\\\/krankheiten-der-saladeldruese\\\/#primaryimage\"},\"thumbnailUrl\":\"https:\\\/\\\/www.fahrettinyilmaz.com\\\/wp-content\\\/uploads\\\/2023\\\/12\\\/12-1.webp\",\"datePublished\":\"2023-12-16T21:15:27+00:00\",\"dateModified\":\"2023-12-17T18:42:25+00:00\",\"author\":{\"@id\":\"https:\\\/\\\/www.fahrettinyilmaz.com\\\/de\\\/#\\\/schema\\\/person\\\/102f2879590341de9b53c218fd4fd0bd\"},\"breadcrumb\":{\"@id\":\"https:\\\/\\\/www.fahrettinyilmaz.com\\\/de\\\/kopf-hals\\\/krankheiten-der-saladeldruese\\\/#breadcrumb\"},\"inLanguage\":\"de\",\"potentialAction\":[{\"@type\":\"ReadAction\",\"target\":[\"https:\\\/\\\/www.fahrettinyilmaz.com\\\/de\\\/kopf-hals\\\/krankheiten-der-saladeldruese\\\/\"]}]},{\"@type\":\"ImageObject\",\"inLanguage\":\"de\",\"@id\":\"https:\\\/\\\/www.fahrettinyilmaz.com\\\/de\\\/kopf-hals\\\/krankheiten-der-saladeldruese\\\/#primaryimage\",\"url\":\"https:\\\/\\\/www.fahrettinyilmaz.com\\\/wp-content\\\/uploads\\\/2023\\\/12\\\/12-1.webp\",\"contentUrl\":\"https:\\\/\\\/www.fahrettinyilmaz.com\\\/wp-content\\\/uploads\\\/2023\\\/12\\\/12-1.webp\",\"width\":739,\"height\":416},{\"@type\":\"BreadcrumbList\",\"@id\":\"https:\\\/\\\/www.fahrettinyilmaz.com\\\/de\\\/kopf-hals\\\/krankheiten-der-saladeldruese\\\/#breadcrumb\",\"itemListElement\":[{\"@type\":\"ListItem\",\"position\":1,\"name\":\"Anasayfa\",\"item\":\"https:\\\/\\\/www.fahrettinyilmaz.com\\\/de\\\/\"},{\"@type\":\"ListItem\",\"position\":2,\"name\":\"KRANKHEITEN DER SALADELDR\u00dcSE\"}]},{\"@type\":\"WebSite\",\"@id\":\"https:\\\/\\\/www.fahrettinyilmaz.com\\\/de\\\/#website\",\"url\":\"https:\\\/\\\/www.fahrettinyilmaz.com\\\/de\\\/\",\"name\":\"Fahrettin Y\u0131lmaz\",\"description\":\"\",\"potentialAction\":[{\"@type\":\"SearchAction\",\"target\":{\"@type\":\"EntryPoint\",\"urlTemplate\":\"https:\\\/\\\/www.fahrettinyilmaz.com\\\/de\\\/?s={search_term_string}\"},\"query-input\":{\"@type\":\"PropertyValueSpecification\",\"valueRequired\":true,\"valueName\":\"search_term_string\"}}],\"inLanguage\":\"de\"},{\"@type\":\"Person\",\"@id\":\"https:\\\/\\\/www.fahrettinyilmaz.com\\\/de\\\/#\\\/schema\\\/person\\\/102f2879590341de9b53c218fd4fd0bd\",\"name\":\"admin\",\"image\":{\"@type\":\"ImageObject\",\"inLanguage\":\"de\",\"@id\":\"https:\\\/\\\/secure.gravatar.com\\\/avatar\\\/8c941f42851381b5a1e28771a8d89d3d7313e95cb0c39176fd15322d45d656a9?s=96&d=mm&r=g\",\"url\":\"https:\\\/\\\/secure.gravatar.com\\\/avatar\\\/8c941f42851381b5a1e28771a8d89d3d7313e95cb0c39176fd15322d45d656a9?s=96&d=mm&r=g\",\"contentUrl\":\"https:\\\/\\\/secure.gravatar.com\\\/avatar\\\/8c941f42851381b5a1e28771a8d89d3d7313e95cb0c39176fd15322d45d656a9?s=96&d=mm&r=g\",\"caption\":\"admin\"},\"sameAs\":[\"https:\\\/\\\/www.fahr18dsaw.online\"]}]}<\/script>\n<!-- \/ Yoast SEO plugin. -->","yoast_head_json":{"title":"KRANKHEITEN DER SALADELDR\u00dcSE - Fahrettin Y\u0131lmaz","robots":{"index":"index","follow":"follow","max-snippet":"max-snippet:-1","max-image-preview":"max-image-preview:large","max-video-preview":"max-video-preview:-1"},"canonical":"https:\/\/www.fahrettinyilmaz.com\/de\/kopf-hals\/krankheiten-der-saladeldruese\/","og_locale":"de_DE","og_type":"article","og_title":"KRANKHEITEN DER SALADELDR\u00dcSE - Fahrettin Y\u0131lmaz","og_description":"Die Hauptspeicheldr\u00fcsen unseres K\u00f6rpers befinden sich vor beiden Ohren, unter dem Kinn und unter der Zunge. Abgesehen davon gibt es Hunderte von kleinen Speicheldr\u00fcsen, die weit in der Mundschleimhaut liegen. Die Speicheldr\u00fcsen produzieren etwa 1-1,5 Liter Speichel pro Tag. Die bekanntesten Erkrankungen der Speicheldr\u00fcsen sind Speicheldr\u00fcsenentz\u00fcndungen, Speicheldr\u00fcsensteine \u200b\u200bund Tumore.","og_url":"https:\/\/www.fahrettinyilmaz.com\/de\/kopf-hals\/krankheiten-der-saladeldruese\/","og_site_name":"Fahrettin Y\u0131lmaz","article_published_time":"2023-12-16T21:15:27+00:00","article_modified_time":"2023-12-17T18:42:25+00:00","og_image":[{"width":739,"height":416,"url":"https:\/\/www.fahrettinyilmaz.com\/wp-content\/uploads\/2023\/12\/12-1.webp","type":"image\/webp"}],"author":"admin","twitter_card":"summary_large_image","twitter_misc":{"Verfasst von":"admin"},"schema":{"@context":"https:\/\/schema.org","@graph":[{"@type":"Article","@id":"https:\/\/www.fahrettinyilmaz.com\/de\/kopf-hals\/krankheiten-der-saladeldruese\/#article","isPartOf":{"@id":"https:\/\/www.fahrettinyilmaz.com\/de\/kopf-hals\/krankheiten-der-saladeldruese\/"},"author":{"name":"admin","@id":"https:\/\/www.fahrettinyilmaz.com\/de\/#\/schema\/person\/102f2879590341de9b53c218fd4fd0bd"},"headline":"KRANKHEITEN DER SALADELDR\u00dcSE","datePublished":"2023-12-16T21:15:27+00:00","dateModified":"2023-12-17T18:42:25+00:00","mainEntityOfPage":{"@id":"https:\/\/www.fahrettinyilmaz.com\/de\/kopf-hals\/krankheiten-der-saladeldruese\/"},"wordCount":61,"image":{"@id":"https:\/\/www.fahrettinyilmaz.com\/de\/kopf-hals\/krankheiten-der-saladeldruese\/#primaryimage"},"thumbnailUrl":"https:\/\/www.fahrettinyilmaz.com\/wp-content\/uploads\/2023\/12\/12-1.webp","articleSection":["Kopf Hals"],"inLanguage":"de"},{"@type":"WebPage","@id":"https:\/\/www.fahrettinyilmaz.com\/de\/kopf-hals\/krankheiten-der-saladeldruese\/","url":"https:\/\/www.fahrettinyilmaz.com\/de\/kopf-hals\/krankheiten-der-saladeldruese\/","name":"KRANKHEITEN DER SALADELDR\u00dcSE - Fahrettin Y\u0131lmaz","isPartOf":{"@id":"https:\/\/www.fahrettinyilmaz.com\/de\/#website"},"primaryImageOfPage":{"@id":"https:\/\/www.fahrettinyilmaz.com\/de\/kopf-hals\/krankheiten-der-saladeldruese\/#primaryimage"},"image":{"@id":"https:\/\/www.fahrettinyilmaz.com\/de\/kopf-hals\/krankheiten-der-saladeldruese\/#primaryimage"},"thumbnailUrl":"https:\/\/www.fahrettinyilmaz.com\/wp-content\/uploads\/2023\/12\/12-1.webp","datePublished":"2023-12-16T21:15:27+00:00","dateModified":"2023-12-17T18:42:25+00:00","author":{"@id":"https:\/\/www.fahrettinyilmaz.com\/de\/#\/schema\/person\/102f2879590341de9b53c218fd4fd0bd"},"breadcrumb":{"@id":"https:\/\/www.fahrettinyilmaz.com\/de\/kopf-hals\/krankheiten-der-saladeldruese\/#breadcrumb"},"inLanguage":"de","potentialAction":[{"@type":"ReadAction","target":["https:\/\/www.fahrettinyilmaz.com\/de\/kopf-hals\/krankheiten-der-saladeldruese\/"]}]},{"@type":"ImageObject","inLanguage":"de","@id":"https:\/\/www.fahrettinyilmaz.com\/de\/kopf-hals\/krankheiten-der-saladeldruese\/#primaryimage","url":"https:\/\/www.fahrettinyilmaz.com\/wp-content\/uploads\/2023\/12\/12-1.webp","contentUrl":"https:\/\/www.fahrettinyilmaz.com\/wp-content\/uploads\/2023\/12\/12-1.webp","width":739,"height":416},{"@type":"BreadcrumbList","@id":"https:\/\/www.fahrettinyilmaz.com\/de\/kopf-hals\/krankheiten-der-saladeldruese\/#breadcrumb","itemListElement":[{"@type":"ListItem","position":1,"name":"Anasayfa","item":"https:\/\/www.fahrettinyilmaz.com\/de\/"},{"@type":"ListItem","position":2,"name":"KRANKHEITEN DER SALADELDR\u00dcSE"}]},{"@type":"WebSite","@id":"https:\/\/www.fahrettinyilmaz.com\/de\/#website","url":"https:\/\/www.fahrettinyilmaz.com\/de\/","name":"Fahrettin Y\u0131lmaz","description":"","potentialAction":[{"@type":"SearchAction","target":{"@type":"EntryPoint","urlTemplate":"https:\/\/www.fahrettinyilmaz.com\/de\/?s={search_term_string}"},"query-input":{"@type":"PropertyValueSpecification","valueRequired":true,"valueName":"search_term_string"}}],"inLanguage":"de"},{"@type":"Person","@id":"https:\/\/www.fahrettinyilmaz.com\/de\/#\/schema\/person\/102f2879590341de9b53c218fd4fd0bd","name":"admin","image":{"@type":"ImageObject","inLanguage":"de","@id":"https:\/\/secure.gravatar.com\/avatar\/8c941f42851381b5a1e28771a8d89d3d7313e95cb0c39176fd15322d45d656a9?s=96&d=mm&r=g","url":"https:\/\/secure.gravatar.com\/avatar\/8c941f42851381b5a1e28771a8d89d3d7313e95cb0c39176fd15322d45d656a9?s=96&d=mm&r=g","contentUrl":"https:\/\/secure.gravatar.com\/avatar\/8c941f42851381b5a1e28771a8d89d3d7313e95cb0c39176fd15322d45d656a9?s=96&d=mm&r=g","caption":"admin"},"sameAs":["https:\/\/www.fahr18dsaw.online"]}]}},"_links":{"self":[{"href":"https:\/\/www.fahrettinyilmaz.com\/de\/wp-json\/wp\/v2\/posts\/733","targetHints":{"allow":["GET"]}}],"collection":[{"href":"https:\/\/www.fahrettinyilmaz.com\/de\/wp-json\/wp\/v2\/posts"}],"about":[{"href":"https:\/\/www.fahrettinyilmaz.com\/de\/wp-json\/wp\/v2\/types\/post"}],"author":[{"embeddable":true,"href":"https:\/\/www.fahrettinyilmaz.com\/de\/wp-json\/wp\/v2\/users\/1"}],"replies":[{"embeddable":true,"href":"https:\/\/www.fahrettinyilmaz.com\/de\/wp-json\/wp\/v2\/comments?post=733"}],"version-history":[{"count":0,"href":"https:\/\/www.fahrettinyilmaz.com\/de\/wp-json\/wp\/v2\/posts\/733\/revisions"}],"wp:featuredmedia":[{"embeddable":true,"href":"https:\/\/www.fahrettinyilmaz.com\/de\/wp-json\/wp\/v2\/media\/596"}],"wp:attachment":[{"href":"https:\/\/www.fahrettinyilmaz.com\/de\/wp-json\/wp\/v2\/media?parent=733"}],"wp:term":[{"taxonomy":"category","embeddable":true,"href":"https:\/\/www.fahrettinyilmaz.com\/de\/wp-json\/wp\/v2\/categories?post=733"},{"taxonomy":"post_tag","embeddable":true,"href":"https:\/\/www.fahrettinyilmaz.com\/de\/wp-json\/wp\/v2\/tags?post=733"}],"curies":[{"name":"wp","href":"https:\/\/api.w.org\/{rel}","templated":true}]}}